{"id":168544,"date":"2025-04-08T19:14:34","date_gmt":"2025-04-08T22:14:34","guid":{"rendered":"https:\/\/cdnoticias.com\/?p=168544"},"modified":"2025-04-09T07:58:26","modified_gmt":"2025-04-09T10:58:26","slug":"comenzo-el-juicio-contra-un-hombre-acusado-de-abuso-sexual-en-olavarria","status":"publish","type":"post","link":"https:\/\/cdnoticias.com\/index.php\/2025\/04\/08\/comenzo-el-juicio-contra-un-hombre-acusado-de-abuso-sexual-en-olavarria\/","title":{"rendered":"Comenz\u00f3 el juicio contra un hombre acusado de abuso sexual en Olavarr\u00eda"},"content":{"rendered":"\n<p>Desde la agrupaci\u00f3n Animate expresaron que ya pasaron 13 a\u00f1os desde la denuncia. El juicio hab\u00eda sido suspendido en dos ocasiones \u201cpor cuestiones de agenda\u201d.<\/p>\n\n\n\n<p><\/p>\n\n\n\n<hr class=\"wp-block-separator aligncenter has-alpha-channel-opacity\"\/>\n\n\n\n<p>La <strong>agrupaci\u00f3n Animate,<\/strong> quienes brindan acompa\u00f1amiento y asesoramiento a v\u00edctimas de agresiones sexuales, expres\u00f3 a trav\u00e9s de sus redes sociales que este martes <strong>comenz\u00f3 el juicio contra un hombre acusado de abuso sexual luego de 13 a\u00f1os de radicada la denuncia.\u00a0<\/strong><\/p>\n\n\n\n<p><\/p>\n\n\n\n<p><strong>\u201cHoy es un d\u00eda muy especial para dos familias que estuvimos acompa\u00f1ando durante estos largos a\u00f1os. Hoy les toca revivir lo que pasaron hace 13 a\u00f1os atr\u00e1s. Qu\u00e9 injusta es la justicia, estas familias fueron totalmente revictimizadas una y otra vez\u201d <\/strong>remarcaron.\u00a0<\/p>\n\n\n\n<p><\/p>\n\n\n\n<blockquote class=\"wp-block-quote is-layout-flow wp-block-quote-is-layout-flow\">\n<p>Se trata del juicio contra N\u00e9stor Marino Gonz\u00e1lez Gayoso quien est\u00e1 acusado de \u201cabuso sexual gravemente ultrajante doblemente agravado y abuso sexual con acceso carnal\u201d. Las v\u00edctimas son dos menores de edad y el hecho ocurri\u00f3 en 2012 en nuestra ciudad.<\/p>\n<\/blockquote>\n\n\n\n<p>\u00a0<\/p>\n\n\n\n<p>Asimismo, resaltaron que \u201cpasaron 13 a\u00f1os hasta que lleg\u00f3 el juicio que lo designaron colegiado. Est\u00e1n a cargo los jueces; Raverta, Genuso y Albano. Qui\u00e9n est\u00e1 a cargo de la causa es la fiscal Paula Serrano\u201d. <strong>El juicio hab\u00eda sido suspendido en dos ocasiones \u201cpor cuestiones de agenda\u201d.\u00a0<\/strong><\/p>\n\n\n\n<p><\/p>\n\n\n\n<p>Se record\u00f3 sobre el caso que N\u00e9stor Marino Gonz\u00e1lez Gayoso, de nacionalidad Paraguaya, <strong>huy\u00f3 de Argentina y estuvo pr\u00f3fugo en Espa\u00f1a<\/strong>. Luego fue extraditado a nuestro pa\u00eds en el a\u00f1o 2021, y finalmente lo trasladaron a Olavarr\u00eda quedando <strong>alojado en la Unidad N\u00b02 de Sierras Chica.<\/strong><\/p>\n\n\n\n<p><\/p>\n\n\n\n<p><strong>\u201cSe\u00f1ores jueces hoy esperamos que se haga justicia y que estas familias puedan seguir con sus vidas con m\u00e1s tranquilidad. Si, pasaron 13 a\u00f1os que esta familia est\u00e1 pidiendo justicia y tambi\u00e9n espero que esto no se repita nunca m\u00e1s<\/strong>\u201d cerraron desde Animate.\u00a0<\/p>\n\n\n\n<p><\/p>\n","protected":false},"excerpt":{"rendered":"<p>Desde la agrupaci\u00f3n Animate expresaron que ya pasaron 13 a\u00f1os desde la denuncia. El juicio hab\u00eda sido suspendido en dos<\/p>\n","protected":false},"author":6,"featured_media":168546,"comment_status":"closed","ping_status":"closed","sticky":false,"template":"","format":"standard","meta":{"_jetpack_memberships_contains_paid_content":false,"footnotes":""},"categories":[14,1],"tags":[],"class_list":["post-168544","post","type-post","status-publish","format-standard","has-post-thumbnail","hentry","category-policiales","category-portada"],"jetpack_featured_media_url":"https:\/\/i0.wp.com\/cdnoticias.com\/wp-content\/uploads\/2025\/04\/juicio-nestor-marino-abuso-sexual.png?fit=1079%2C560&ssl=1","jetpack_sharing_enabled":true,"_links":{"self":[{"href":"https:\/\/cdnoticias.com\/index.php\/wp-json\/wp\/v2\/posts\/168544","targetHints":{"allow":["GET"]}}],"collection":[{"href":"https:\/\/cdnoticias.com\/index.php\/wp-json\/wp\/v2\/posts"}],"about":[{"href":"https:\/\/cdnoticias.com\/index.php\/wp-json\/wp\/v2\/types\/post"}],"author":[{"embeddable":true,"href":"https:\/\/cdnoticias.com\/index.php\/wp-json\/wp\/v2\/users\/6"}],"replies":[{"embeddable":true,"href":"https:\/\/cdnoticias.com\/index.php\/wp-json\/wp\/v2\/comments?post=168544"}],"version-history":[{"count":0,"href":"https:\/\/cdnoticias.com\/index.php\/wp-json\/wp\/v2\/posts\/168544\/revisions"}],"wp:featuredmedia":[{"embeddable":true,"href":"https:\/\/cdnoticias.com\/index.php\/wp-json\/wp\/v2\/media\/168546"}],"wp:attachment":[{"href":"https:\/\/cdnoticias.com\/index.php\/wp-json\/wp\/v2\/media?parent=168544"}],"wp:term":[{"taxonomy":"category","embeddable":true,"href":"https:\/\/cdnoticias.com\/index.php\/wp-json\/wp\/v2\/categories?post=168544"},{"taxonomy":"post_tag","embeddable":true,"href":"https:\/\/cdnoticias.com\/index.php\/wp-json\/wp\/v2\/tags?post=168544"}],"curies":[{"name":"wp","href":"https:\/\/api.w.org\/{rel}","templated":true}]}}