{"id":168524,"date":"2025-04-10T16:31:53","date_gmt":"2025-04-10T19:31:53","guid":{"rendered":"https:\/\/cdnoticias.com\/?p=168524"},"modified":"2025-04-10T16:31:55","modified_gmt":"2025-04-10T19:31:55","slug":"el-cuarteto-popular-municipal-celebra-su-40o-aniversario","status":"publish","type":"post","link":"https:\/\/cdnoticias.com\/index.php\/2025\/04\/10\/el-cuarteto-popular-municipal-celebra-su-40o-aniversario\/","title":{"rendered":"El Cuarteto Popular Municipal celebra su 40\u00ba aniversario"},"content":{"rendered":"\n<p>La celebraci\u00f3n ser\u00e1 este domingo 13 en la Plaza Central. La presentaci\u00f3n ser\u00e1 libre y gratuita.&nbsp;<\/p>\n\n\n\n<hr class=\"wp-block-separator aligncenter has-alpha-channel-opacity\"\/>\n\n\n\n<p>El<strong> Cuarteto Popular Municipal comenz\u00f3 su carrera en el a\u00f1o 1985<\/strong> y este domingo <strong>celebrar\u00e1 sus 40 a\u00f1os de recorrido art\u00edstico<\/strong> con un gran evento.\u00a0<\/p>\n\n\n\n<p><\/p>\n\n\n\n<p>La agrupaci\u00f3n fue <strong>creada bajo la gesti\u00f3n del entonces Intendente Municipal, Helios Eseverri, <\/strong>quien fuera el precursor del cl\u00e1sico ciclo \u201c<strong>El pueblo va a su plaza\u201d<\/strong>.<\/p>\n\n\n\n<p><\/p>\n\n\n\n<blockquote class=\"wp-block-quote is-layout-flow wp-block-quote-is-layout-flow\">\n<p>Por este motivo, este domingo 13 de abril, desde las 18 horas, el Cuarteto Popular Municipal se presentar\u00e1 en la Plaza Central, rememorando aquellas \u00e9pocas de tardes olavarrienses.<\/p>\n<\/blockquote>\n\n\n\n<p><\/p>\n\n\n\n<p>El evento, <strong>abierto al p\u00fablico y gratuito<\/strong>, contar\u00e1 adem\u00e1s con la participaci\u00f3n especial de elencos municipales: <strong>el Ensamble de M\u00fasica Popular \u201cOctavio Sabattini\u201d y el Ballet Folkl\u00f3rico Municipal.\u00a0<\/strong><\/p>\n\n\n\n<p><\/p>\n\n\n\n<p>Asimismo, en la oportunidad se realizar\u00e1 un <strong>reconocimiento a integrantes y ex integrantes<\/strong> del Cuarteto Popular. <\/p>\n\n\n\n<p><\/p>\n","protected":false},"excerpt":{"rendered":"<p>La celebraci\u00f3n ser\u00e1 este domingo 13 en la Plaza Central. La presentaci\u00f3n ser\u00e1 libre y gratuita.&nbsp; El Cuarteto Popular Municipal<\/p>\n","protected":false},"author":6,"featured_media":168525,"comment_status":"closed","ping_status":"closed","sticky":false,"template":"","format":"standard","meta":{"_jetpack_memberships_contains_paid_content":false,"footnotes":""},"categories":[9,1],"tags":[],"class_list":["post-168524","post","type-post","status-publish","format-standard","has-post-thumbnail","hentry","category-cultura","category-portada"],"jetpack_featured_media_url":"https:\/\/i0.wp.com\/cdnoticias.com\/wp-content\/uploads\/2025\/04\/cuarteto-popular-.jpg?fit=900%2C550&ssl=1","jetpack_sharing_enabled":true,"_links":{"self":[{"href":"https:\/\/cdnoticias.com\/index.php\/wp-json\/wp\/v2\/posts\/168524","targetHints":{"allow":["GET"]}}],"collection":[{"href":"https:\/\/cdnoticias.com\/index.php\/wp-json\/wp\/v2\/posts"}],"about":[{"href":"https:\/\/cdnoticias.com\/index.php\/wp-json\/wp\/v2\/types\/post"}],"author":[{"embeddable":true,"href":"https:\/\/cdnoticias.com\/index.php\/wp-json\/wp\/v2\/users\/6"}],"replies":[{"embeddable":true,"href":"https:\/\/cdnoticias.com\/index.php\/wp-json\/wp\/v2\/comments?post=168524"}],"version-history":[{"count":0,"href":"https:\/\/cdnoticias.com\/index.php\/wp-json\/wp\/v2\/posts\/168524\/revisions"}],"wp:featuredmedia":[{"embeddable":true,"href":"https:\/\/cdnoticias.com\/index.php\/wp-json\/wp\/v2\/media\/168525"}],"wp:attachment":[{"href":"https:\/\/cdnoticias.com\/index.php\/wp-json\/wp\/v2\/media?parent=168524"}],"wp:term":[{"taxonomy":"category","embeddable":true,"href":"https:\/\/cdnoticias.com\/index.php\/wp-json\/wp\/v2\/categories?post=168524"},{"taxonomy":"post_tag","embeddable":true,"href":"https:\/\/cdnoticias.com\/index.php\/wp-json\/wp\/v2\/tags?post=168524"}],"curies":[{"name":"wp","href":"https:\/\/api.w.org\/{rel}","templated":true}]}}