{"id":168494,"date":"2025-04-08T13:00:02","date_gmt":"2025-04-08T16:00:02","guid":{"rendered":"https:\/\/cdnoticias.com\/?p=168494"},"modified":"2025-04-08T13:00:04","modified_gmt":"2025-04-08T16:00:04","slug":"miguel-angel-garcia-bocha-q-e-p-d","status":"publish","type":"post","link":"https:\/\/cdnoticias.com\/index.php\/2025\/04\/08\/miguel-angel-garcia-bocha-q-e-p-d\/","title":{"rendered":"Miguel Angel Garc\u00eda &#8220;Bocha&#8221; (Q.E.P.D.)"},"content":{"rendered":"<p>Falleci\u00f3 en Olavarr\u00eda el d\u00eda 8 de abril de 2025 a los 78 a\u00f1os de edad.<\/p>\n<p>Su esposa Nilda Aspiroz. Sus hijos Sabina, Marcos, Lucas, Pablo, Franco y Santiago Garc\u00eda. Sus hijos pol\u00edticos: Marcelo, Pamela y Antonella. Sus nietos Nicolas, Martin, Agustina, Valentin, Bastian, Kiara, Uma y Sof\u00eda. Sus hermanos. Sus hermanos pol\u00edticos. Sus  sobrinos  y dem\u00e1s deudos participan su fallecimiento.<\/p>\n<p>Velatorio: Sala &#8220;D&#8221;, comienza el mi\u00e9rcoles a las 16 hs. Responso: Capilla Ardiente. Inhumaci\u00f3n: Crematorio Pinos de Paz, mi\u00e9rcoles 9 de abril a las 17 hs. Servicio adherido a Coopelectric.<\/p>\n<p>Barrio en el que viv\u00eda:  Los Robles. <\/p>\n<p>Lugar de nacimiento: Olavarr\u00eda. <\/p>\n<p>Actividad que desarrollaba: Jubilado Tapicero.<\/p>\n","protected":false},"excerpt":{"rendered":"<p>Falleci\u00f3 en Olavarr\u00eda el d\u00eda 8 de abril de 2025 a los 78 a\u00f1os de edad. Su esposa Nilda Aspiroz.<\/p>\n","protected":false},"author":4,"featured_media":51544,"comment_status":"closed","ping_status":"closed","sticky":false,"template":"","format":"standard","meta":{"_jetpack_memberships_contains_paid_content":false,"footnotes":""},"categories":[10],"tags":[],"class_list":["post-168494","post","type-post","status-publish","format-standard","has-post-thumbnail","hentry","category-necrologicas"],"jetpack_featured_media_url":"https:\/\/i0.wp.com\/cdnoticias.com\/wp-content\/uploads\/2022\/04\/necrologicas-390-x-240.jpg?fit=390%2C240&ssl=1","jetpack_sharing_enabled":true,"_links":{"self":[{"href":"https:\/\/cdnoticias.com\/index.php\/wp-json\/wp\/v2\/posts\/168494","targetHints":{"allow":["GET"]}}],"collection":[{"href":"https:\/\/cdnoticias.com\/index.php\/wp-json\/wp\/v2\/posts"}],"about":[{"href":"https:\/\/cdnoticias.com\/index.php\/wp-json\/wp\/v2\/types\/post"}],"author":[{"embeddable":true,"href":"https:\/\/cdnoticias.com\/index.php\/wp-json\/wp\/v2\/users\/4"}],"replies":[{"embeddable":true,"href":"https:\/\/cdnoticias.com\/index.php\/wp-json\/wp\/v2\/comments?post=168494"}],"version-history":[{"count":0,"href":"https:\/\/cdnoticias.com\/index.php\/wp-json\/wp\/v2\/posts\/168494\/revisions"}],"wp:featuredmedia":[{"embeddable":true,"href":"https:\/\/cdnoticias.com\/index.php\/wp-json\/wp\/v2\/media\/51544"}],"wp:attachment":[{"href":"https:\/\/cdnoticias.com\/index.php\/wp-json\/wp\/v2\/media?parent=168494"}],"wp:term":[{"taxonomy":"category","embeddable":true,"href":"https:\/\/cdnoticias.com\/index.php\/wp-json\/wp\/v2\/categories?post=168494"},{"taxonomy":"post_tag","embeddable":true,"href":"https:\/\/cdnoticias.com\/index.php\/wp-json\/wp\/v2\/tags?post=168494"}],"curies":[{"name":"wp","href":"https:\/\/api.w.org\/{rel}","templated":true}]}}