{"id":168475,"date":"2025-04-08T10:25:45","date_gmt":"2025-04-08T13:25:45","guid":{"rendered":"https:\/\/cdnoticias.com\/?p=168475"},"modified":"2025-04-08T10:25:46","modified_gmt":"2025-04-08T13:25:46","slug":"graciela-lujan-gamondi-de-gouffier-gra-q-e-p-d","status":"publish","type":"post","link":"https:\/\/cdnoticias.com\/index.php\/2025\/04\/08\/graciela-lujan-gamondi-de-gouffier-gra-q-e-p-d\/","title":{"rendered":"Graciela Luj\u00e1n Gamondi de Gouffier \u201cGra\u201d (Q.E.P.D.)"},"content":{"rendered":"\n<p>Falleci\u00f3 en Olavarr\u00eda el d\u00eda 7 de abril de 2025 a los 64 a\u00f1os de edad. Su esposo Guillermo Gabriel Gouffier. Sus hijos Juan Ignacio, Nicol\u00e1s y Gianluca Gouffier. Sus hijas pol\u00edticas Leonela y Ornella; y dem\u00e1s deudos participan su fallecimiento.<\/p>\n\n\n\n<p>Sus restos no ser\u00e1n velados y ser\u00e1n inhumados en el cementerio Loma de Paz este martes a las 11:30 horas. Vecina de barrio Mariano Moreno. Nacida en Olavarr\u00eda. Comerciante.<\/p>\n","protected":false},"excerpt":{"rendered":"<p>Falleci\u00f3 en Olavarr\u00eda el d\u00eda 7 de abril de 2025 a los 64 a\u00f1os de edad. Su esposo Guillermo Gabriel<\/p>\n","protected":false},"author":5,"featured_media":100390,"comment_status":"closed","ping_status":"closed","sticky":false,"template":"","format":"standard","meta":{"_jetpack_memberships_contains_paid_content":false,"footnotes":""},"categories":[10],"tags":[],"class_list":["post-168475","post","type-post","status-publish","format-standard","has-post-thumbnail","hentry","category-necrologicas"],"jetpack_featured_media_url":"https:\/\/i0.wp.com\/cdnoticias.com\/wp-content\/uploads\/2023\/10\/necrologicas-390-x-240.jpg?fit=390%2C240&ssl=1","jetpack_sharing_enabled":true,"_links":{"self":[{"href":"https:\/\/cdnoticias.com\/index.php\/wp-json\/wp\/v2\/posts\/168475","targetHints":{"allow":["GET"]}}],"collection":[{"href":"https:\/\/cdnoticias.com\/index.php\/wp-json\/wp\/v2\/posts"}],"about":[{"href":"https:\/\/cdnoticias.com\/index.php\/wp-json\/wp\/v2\/types\/post"}],"author":[{"embeddable":true,"href":"https:\/\/cdnoticias.com\/index.php\/wp-json\/wp\/v2\/users\/5"}],"replies":[{"embeddable":true,"href":"https:\/\/cdnoticias.com\/index.php\/wp-json\/wp\/v2\/comments?post=168475"}],"version-history":[{"count":0,"href":"https:\/\/cdnoticias.com\/index.php\/wp-json\/wp\/v2\/posts\/168475\/revisions"}],"wp:featuredmedia":[{"embeddable":true,"href":"https:\/\/cdnoticias.com\/index.php\/wp-json\/wp\/v2\/media\/100390"}],"wp:attachment":[{"href":"https:\/\/cdnoticias.com\/index.php\/wp-json\/wp\/v2\/media?parent=168475"}],"wp:term":[{"taxonomy":"category","embeddable":true,"href":"https:\/\/cdnoticias.com\/index.php\/wp-json\/wp\/v2\/categories?post=168475"},{"taxonomy":"post_tag","embeddable":true,"href":"https:\/\/cdnoticias.com\/index.php\/wp-json\/wp\/v2\/tags?post=168475"}],"curies":[{"name":"wp","href":"https:\/\/api.w.org\/{rel}","templated":true}]}}