{"id":168473,"date":"2025-04-08T10:22:24","date_gmt":"2025-04-08T13:22:24","guid":{"rendered":"https:\/\/cdnoticias.com\/?p=168473"},"modified":"2025-04-08T10:22:26","modified_gmt":"2025-04-08T13:22:26","slug":"delia-isabel-lujan-viuda-de-saez-q-e-p-d","status":"publish","type":"post","link":"https:\/\/cdnoticias.com\/index.php\/2025\/04\/08\/delia-isabel-lujan-viuda-de-saez-q-e-p-d\/","title":{"rendered":"Delia Isabel Luj\u00e1n viuda de Saez (Q.E.P.D.)"},"content":{"rendered":"\n<p>Falleci\u00f3 en Olavarr\u00eda el 7 de abril de 2025 a los 93 a\u00f1os de edad. Sus hijos Eduardo, Mar\u00eda Isabel y Daniela Saez. Sus hijos pol\u00edticos Silvia Vecchi, Daniel Antista y Marcelo Esteves. Sus nietos Nacho, Juan, Joaqu\u00edn, Julieta, Valent\u00edn y Juana. Sus nietos pol\u00edticos Javier y Ayelen. Sus bisnietos Mateo, Guadalupe y Rufino. Sus sobrinos y dem\u00e1s deudos participan su fallecimiento.<\/p>\n\n\n\n<p>Sus restos son velados en Espa\u00f1a 2942, Departamento &#8220;B&#8221;, y ser\u00e1n inhumados en el cementerio Loma de Paz este martes a las 13:30, previo responso en la capilla ardiente. Vecina del Barrio El Provincial. Ex vecina de Crotto. Nacida en Tapalqu\u00e9. Jubilada y Pensionada.<\/p>\n","protected":false},"excerpt":{"rendered":"<p>Falleci\u00f3 en Olavarr\u00eda el 7 de abril de 2025 a los 93 a\u00f1os de edad. Sus hijos Eduardo, Mar\u00eda Isabel<\/p>\n","protected":false},"author":5,"featured_media":100390,"comment_status":"closed","ping_status":"closed","sticky":false,"template":"","format":"standard","meta":{"_jetpack_memberships_contains_paid_content":false,"footnotes":""},"categories":[10],"tags":[],"class_list":["post-168473","post","type-post","status-publish","format-standard","has-post-thumbnail","hentry","category-necrologicas"],"jetpack_featured_media_url":"https:\/\/i0.wp.com\/cdnoticias.com\/wp-content\/uploads\/2023\/10\/necrologicas-390-x-240.jpg?fit=390%2C240&ssl=1","jetpack_sharing_enabled":true,"_links":{"self":[{"href":"https:\/\/cdnoticias.com\/index.php\/wp-json\/wp\/v2\/posts\/168473","targetHints":{"allow":["GET"]}}],"collection":[{"href":"https:\/\/cdnoticias.com\/index.php\/wp-json\/wp\/v2\/posts"}],"about":[{"href":"https:\/\/cdnoticias.com\/index.php\/wp-json\/wp\/v2\/types\/post"}],"author":[{"embeddable":true,"href":"https:\/\/cdnoticias.com\/index.php\/wp-json\/wp\/v2\/users\/5"}],"replies":[{"embeddable":true,"href":"https:\/\/cdnoticias.com\/index.php\/wp-json\/wp\/v2\/comments?post=168473"}],"version-history":[{"count":0,"href":"https:\/\/cdnoticias.com\/index.php\/wp-json\/wp\/v2\/posts\/168473\/revisions"}],"wp:featuredmedia":[{"embeddable":true,"href":"https:\/\/cdnoticias.com\/index.php\/wp-json\/wp\/v2\/media\/100390"}],"wp:attachment":[{"href":"https:\/\/cdnoticias.com\/index.php\/wp-json\/wp\/v2\/media?parent=168473"}],"wp:term":[{"taxonomy":"category","embeddable":true,"href":"https:\/\/cdnoticias.com\/index.php\/wp-json\/wp\/v2\/categories?post=168473"},{"taxonomy":"post_tag","embeddable":true,"href":"https:\/\/cdnoticias.com\/index.php\/wp-json\/wp\/v2\/tags?post=168473"}],"curies":[{"name":"wp","href":"https:\/\/api.w.org\/{rel}","templated":true}]}}