{"id":168462,"date":"2025-04-08T09:12:45","date_gmt":"2025-04-08T12:12:45","guid":{"rendered":"https:\/\/cdnoticias.com\/?p=168462"},"modified":"2025-04-08T11:12:39","modified_gmt":"2025-04-08T14:12:39","slug":"tres-heridos-en-dos-choques-en-olavarria","status":"publish","type":"post","link":"https:\/\/cdnoticias.com\/index.php\/2025\/04\/08\/tres-heridos-en-dos-choques-en-olavarria\/","title":{"rendered":"Tres heridos en dos choques en Olavarr\u00eda"},"content":{"rendered":"<p>Dos siniestros viales se registraron en las \u00faltimas horas. En Circunvalaci\u00f3n casi Sarmiento un auto arroll\u00f3 a una bicicleta. En Del Valle y 25 de Mayo dos ocupantes de una moto terminaron en el Hospital.<!--more--><\/p>\n<hr \/>\n<p><strong>Dos siniestros viales<\/strong> registrados en las \u00faltimas horas<strong> en Olavarr\u00eda<\/strong> dejaron como saldo <strong>tres personas heridas<\/strong> que debieron ser atendidas en el Hospital Municipal.<\/p>\n<p>Alrededor de las <strong>7 de la ma\u00f1ana<\/strong> de este martes <strong>un auto arroll\u00f3 a una bicicleta<\/strong>. Fue en avenida <strong>Eva Per\u00f3n (Circunvalaci\u00f3n) a metros de Sarmiento<\/strong>.<\/p>\n<p><img data-recalc-dims=\"1\" loading=\"lazy\" decoding=\"async\" class=\"size-full wp-image-168465 aligncenter\" src=\"https:\/\/i0.wp.com\/cdnoticias.com\/wp-content\/uploads\/2025\/04\/circunvalacion-casi-sarmiento-choque-00.jpg?resize=800%2C445&#038;ssl=1\" alt=\"\" width=\"800\" height=\"445\" srcset=\"https:\/\/i0.wp.com\/cdnoticias.com\/wp-content\/uploads\/2025\/04\/circunvalacion-casi-sarmiento-choque-00.jpg?w=1000&amp;ssl=1 1000w, https:\/\/i0.wp.com\/cdnoticias.com\/wp-content\/uploads\/2025\/04\/circunvalacion-casi-sarmiento-choque-00.jpg?resize=300%2C167&amp;ssl=1 300w, https:\/\/i0.wp.com\/cdnoticias.com\/wp-content\/uploads\/2025\/04\/circunvalacion-casi-sarmiento-choque-00.jpg?resize=768%2C427&amp;ssl=1 768w, https:\/\/i0.wp.com\/cdnoticias.com\/wp-content\/uploads\/2025\/04\/circunvalacion-casi-sarmiento-choque-00.jpg?resize=800%2C445&amp;ssl=1 800w\" sizes=\"auto, (max-width: 800px) 100vw, 800px\" \/><\/p>\n<p>Ambos veh\u00edculos transitaban en <strong>sentido de Col\u00f3n hacia Sarmiento<\/strong> y el accidente se dio <strong>poco antes de llegar a la rotonda<\/strong>.<\/p>\n<blockquote><p>El ciclista, de 23 a\u00f1os, fue trasladado al Hospital Municipal. Se inform\u00f3 en el lugar que presentaba golpes en la cabeza.<\/p><\/blockquote>\n<p>Trabaj\u00f3 <strong>personal del Comando de Patrullas (CPO)<\/strong> para <strong>controlar el tr\u00e1nsito por Eva Per\u00f3n<\/strong>, sector de amplia afluencia de veh\u00edculos, con lo que se desviaba el tr\u00e1nsito para circular por la mano contraria y por la banquina para mantener la escena del hecho a fin de facilitar la labor de los peritos investigadores.<\/p>\n<p><img data-recalc-dims=\"1\" loading=\"lazy\" decoding=\"async\" class=\"size-full wp-image-168466 aligncenter\" src=\"https:\/\/i0.wp.com\/cdnoticias.com\/wp-content\/uploads\/2025\/04\/circunvalacion-casi-sarmiento-choque-01.jpg?resize=800%2C446&#038;ssl=1\" alt=\"\" width=\"800\" height=\"446\" srcset=\"https:\/\/i0.wp.com\/cdnoticias.com\/wp-content\/uploads\/2025\/04\/circunvalacion-casi-sarmiento-choque-01.jpg?w=1000&amp;ssl=1 1000w, https:\/\/i0.wp.com\/cdnoticias.com\/wp-content\/uploads\/2025\/04\/circunvalacion-casi-sarmiento-choque-01.jpg?resize=300%2C167&amp;ssl=1 300w, https:\/\/i0.wp.com\/cdnoticias.com\/wp-content\/uploads\/2025\/04\/circunvalacion-casi-sarmiento-choque-01.jpg?resize=768%2C428&amp;ssl=1 768w, https:\/\/i0.wp.com\/cdnoticias.com\/wp-content\/uploads\/2025\/04\/circunvalacion-casi-sarmiento-choque-01.jpg?resize=800%2C445&amp;ssl=1 800w\" sizes=\"auto, (max-width: 800px) 100vw, 800px\" \/><\/p>\n<p>En tanto,<strong> este lunes por la noche<\/strong> colisionaron <strong>un auto Chevrolet Astra y una moto Corven Energy 110 cc<\/strong> en <strong>Del Valle y 25 de Mayo<\/strong>.<\/p>\n<p>Efectivos del CPO fueron convocados al lugar a trav\u00e9s del 911 donde se estableci\u00f3 que <strong>dos mujeres que transitaban en la moto resultaron heridas.<\/strong><\/p>\n<p><img data-recalc-dims=\"1\" loading=\"lazy\" decoding=\"async\" class=\"size-full wp-image-168463 aligncenter\" src=\"https:\/\/i0.wp.com\/cdnoticias.com\/wp-content\/uploads\/2025\/04\/del-valle-y-25-de-mayo-choque-A.jpg?resize=800%2C445&#038;ssl=1\" alt=\"\" width=\"800\" height=\"445\" srcset=\"https:\/\/i0.wp.com\/cdnoticias.com\/wp-content\/uploads\/2025\/04\/del-valle-y-25-de-mayo-choque-A.jpg?w=1000&amp;ssl=1 1000w, https:\/\/i0.wp.com\/cdnoticias.com\/wp-content\/uploads\/2025\/04\/del-valle-y-25-de-mayo-choque-A.jpg?resize=300%2C167&amp;ssl=1 300w, https:\/\/i0.wp.com\/cdnoticias.com\/wp-content\/uploads\/2025\/04\/del-valle-y-25-de-mayo-choque-A.jpg?resize=768%2C427&amp;ssl=1 768w, https:\/\/i0.wp.com\/cdnoticias.com\/wp-content\/uploads\/2025\/04\/del-valle-y-25-de-mayo-choque-A.jpg?resize=800%2C445&amp;ssl=1 800w\" sizes=\"auto, (max-width: 800px) 100vw, 800px\" \/><\/p>\n<blockquote><p>La conductora, de 24 a\u00f1os, y su acompa\u00f1ante fueron trasladadas al Hospital Municipal con lesiones de consideraci\u00f3n sin riesgo de vida. El conductor del auto result\u00f3 ileso.<\/p><\/blockquote>\n<p>Se iniciaron actuaciones por <strong>\u201clesiones culposas\u201d<\/strong> con intervenci\u00f3n de la UFI N\u00ba 7.<\/p>\n","protected":false},"excerpt":{"rendered":"<p>Dos siniestros viales se registraron en las \u00faltimas horas. En Circunvalaci\u00f3n casi Sarmiento un auto arroll\u00f3 a una bicicleta. En<\/p>\n","protected":false},"author":4,"featured_media":168464,"comment_status":"closed","ping_status":"closed","sticky":false,"template":"","format":"standard","meta":{"_jetpack_memberships_contains_paid_content":false,"footnotes":""},"categories":[14,1],"tags":[],"class_list":["post-168462","post","type-post","status-publish","format-standard","has-post-thumbnail","hentry","category-policiales","category-portada"],"jetpack_featured_media_url":"https:\/\/i0.wp.com\/cdnoticias.com\/wp-content\/uploads\/2025\/04\/choques-tres-heridos.jpg?fit=1000%2C557&ssl=1","jetpack_sharing_enabled":true,"_links":{"self":[{"href":"https:\/\/cdnoticias.com\/index.php\/wp-json\/wp\/v2\/posts\/168462","targetHints":{"allow":["GET"]}}],"collection":[{"href":"https:\/\/cdnoticias.com\/index.php\/wp-json\/wp\/v2\/posts"}],"about":[{"href":"https:\/\/cdnoticias.com\/index.php\/wp-json\/wp\/v2\/types\/post"}],"author":[{"embeddable":true,"href":"https:\/\/cdnoticias.com\/index.php\/wp-json\/wp\/v2\/users\/4"}],"replies":[{"embeddable":true,"href":"https:\/\/cdnoticias.com\/index.php\/wp-json\/wp\/v2\/comments?post=168462"}],"version-history":[{"count":0,"href":"https:\/\/cdnoticias.com\/index.php\/wp-json\/wp\/v2\/posts\/168462\/revisions"}],"wp:featuredmedia":[{"embeddable":true,"href":"https:\/\/cdnoticias.com\/index.php\/wp-json\/wp\/v2\/media\/168464"}],"wp:attachment":[{"href":"https:\/\/cdnoticias.com\/index.php\/wp-json\/wp\/v2\/media?parent=168462"}],"wp:term":[{"taxonomy":"category","embeddable":true,"href":"https:\/\/cdnoticias.com\/index.php\/wp-json\/wp\/v2\/categories?post=168462"},{"taxonomy":"post_tag","embeddable":true,"href":"https:\/\/cdnoticias.com\/index.php\/wp-json\/wp\/v2\/tags?post=168462"}],"curies":[{"name":"wp","href":"https:\/\/api.w.org\/{rel}","templated":true}]}}