{"id":168458,"date":"2025-04-07T20:26:18","date_gmt":"2025-04-07T23:26:18","guid":{"rendered":"https:\/\/cdnoticias.com\/?p=168458"},"modified":"2025-04-08T09:14:34","modified_gmt":"2025-04-08T12:14:34","slug":"la-cgt-y-las-cta-de-olavarria-convocaron-al-paro-del-jueves-10","status":"publish","type":"post","link":"https:\/\/cdnoticias.com\/index.php\/2025\/04\/07\/la-cgt-y-las-cta-de-olavarria-convocaron-al-paro-del-jueves-10\/","title":{"rendered":"La CGT y las CTA de Olavarr\u00eda convocaron al paro del jueves 10"},"content":{"rendered":"\n<p>Adem\u00e1s, convocaron a la movilizaci\u00f3n de jubilados del mi\u00e9rcoles por la tarde. \u201cInvitamos a luchar en unidad en defensa de nuestros derechos como trabajadores y ciudadanos\u201d.<\/p>\n\n\n\n<hr class=\"wp-block-separator aligncenter has-alpha-channel-opacity\"\/>\n\n\n\n<p>Este lunes<strong>, la CGT de Olavarr\u00eda, la CTA de las y los trabajadores y la CTA Aut\u00f3noma convocaron, en conjunto, a sumarse al paro general del jueves 10 de abril y tambi\u00e9n invitaron a la movilizaci\u00f3n por los jubilados del mi\u00e9rcoles por la tarde.<\/strong><\/p>\n\n\n\n<p>En un comunicado en conjunto explicaron que <em>\u201clas centrales de trabajadoras y trabajadores vienen llevando adelante un plan de lucha frente a las pol\u00edticas de destrucci\u00f3n del Estado, el trabajo y la producci\u00f3n por parte del Gobierno Nacional\u201d.<\/em><\/p>\n\n\n\n<blockquote class=\"wp-block-quote is-layout-flow wp-block-quote-is-layout-flow\">\n<p>Es por ello que \u201cconvocamos a la Jornada Nacional de Protesta junto a los jubilados y jubiladas el mi\u00e9rcoles 9 de abril; y al Paro Nacional del jueves 10, convocado tambi\u00e9n por la CTA de las y los Trabajadores, por la CTA Aut\u00f3noma y la CGT\u201d.<\/p>\n<\/blockquote>\n\n\n\n<p>Las centrales invitaron a toda la comunidad, a todas las organizaciones sindicales, pol\u00edticas, de Derechos Humanos, sociales, y comunitarias, de artistas, entidades deportivas y educativas<strong><em> \u201ca luchar en unidad en defensa de nuestros derechos como trabajadores\/as y como ciudadanos\/as\u201d.<\/em><\/strong><\/p>\n\n\n\n<p>En este sentido, enumeraron que van <em>\u201ccontra el ajuste y la represi\u00f3n; contra el DNU de endeudamiento con el FMI; contra el DNU 70\/23 y la Ley Bases; contra los despidos del \u00e1mbito p\u00fablico y privado, contra el aumento de las tarifas y de la inflaci\u00f3n; en protesta por la ca\u00edda de los salarios y la falta de paritarias libres; en apoyo a la lucha de los jubilados y las jubiladas y a todos los sectores agredidos y vulnerados por el Gobierno Nacional\u201d.<\/em><\/p>\n","protected":false},"excerpt":{"rendered":"<p>Adem\u00e1s, convocaron a la movilizaci\u00f3n de jubilados del mi\u00e9rcoles por la tarde. \u201cInvitamos a luchar en unidad en defensa de<\/p>\n","protected":false},"author":2,"featured_media":107468,"comment_status":"closed","ping_status":"closed","sticky":false,"template":"","format":"standard","meta":{"_jetpack_memberships_contains_paid_content":false,"footnotes":""},"categories":[4,1],"tags":[],"class_list":["post-168458","post","type-post","status-publish","format-standard","has-post-thumbnail","hentry","category-politica","category-portada"],"jetpack_featured_media_url":"https:\/\/i0.wp.com\/cdnoticias.com\/wp-content\/uploads\/2024\/01\/marcha-cgt-01.jpg?fit=800%2C445&ssl=1","jetpack_sharing_enabled":true,"_links":{"self":[{"href":"https:\/\/cdnoticias.com\/index.php\/wp-json\/wp\/v2\/posts\/168458","targetHints":{"allow":["GET"]}}],"collection":[{"href":"https:\/\/cdnoticias.com\/index.php\/wp-json\/wp\/v2\/posts"}],"about":[{"href":"https:\/\/cdnoticias.com\/index.php\/wp-json\/wp\/v2\/types\/post"}],"author":[{"embeddable":true,"href":"https:\/\/cdnoticias.com\/index.php\/wp-json\/wp\/v2\/users\/2"}],"replies":[{"embeddable":true,"href":"https:\/\/cdnoticias.com\/index.php\/wp-json\/wp\/v2\/comments?post=168458"}],"version-history":[{"count":0,"href":"https:\/\/cdnoticias.com\/index.php\/wp-json\/wp\/v2\/posts\/168458\/revisions"}],"wp:featuredmedia":[{"embeddable":true,"href":"https:\/\/cdnoticias.com\/index.php\/wp-json\/wp\/v2\/media\/107468"}],"wp:attachment":[{"href":"https:\/\/cdnoticias.com\/index.php\/wp-json\/wp\/v2\/media?parent=168458"}],"wp:term":[{"taxonomy":"category","embeddable":true,"href":"https:\/\/cdnoticias.com\/index.php\/wp-json\/wp\/v2\/categories?post=168458"},{"taxonomy":"post_tag","embeddable":true,"href":"https:\/\/cdnoticias.com\/index.php\/wp-json\/wp\/v2\/tags?post=168458"}],"curies":[{"name":"wp","href":"https:\/\/api.w.org\/{rel}","templated":true}]}}