{"id":168453,"date":"2025-04-07T19:05:55","date_gmt":"2025-04-07T22:05:55","guid":{"rendered":"https:\/\/cdnoticias.com\/?p=168453"},"modified":"2025-04-08T08:42:21","modified_gmt":"2025-04-08T11:42:21","slug":"kicillof-anuncio-que-desdoblara-las-elecciones-de-las-nacionales-y-seran-el-7-de-septiembre","status":"publish","type":"post","link":"https:\/\/cdnoticias.com\/index.php\/2025\/04\/07\/kicillof-anuncio-que-desdoblara-las-elecciones-de-las-nacionales-y-seran-el-7-de-septiembre\/","title":{"rendered":"Kicillof anunci\u00f3 que desdoblar\u00e1 las elecciones de las nacionales y ser\u00e1n el 7 de septiembre"},"content":{"rendered":"\n<p>Culp\u00f3 a Milei de \u201ccambiar las reglas del juego\u201d tras suspender las PASO y anunciar Boleta \u00danica en Papel. El Gobernador present\u00f3 una propuesta en la Legislatura para suspender las Primarias pautadas para el 13 de julio. \u201cNo es una decisi\u00f3n nuestra, lo resolvi\u00f3 Milei\u201d acus\u00f3.<\/p>\n\n\n\n<hr class=\"wp-block-separator aligncenter has-alpha-channel-opacity\"\/>\n\n\n\n<p>Tras varias idas y vueltas y entredichos incluso dentro de Uni\u00f3n por la Patria,<strong> el gobernador Axel Kicillof decidi\u00f3, por decreto, desdoblar las elecciones locales y provinciales de las nacionales: ser\u00e1n el 7 de septiembre pr\u00f3ximo.<\/strong><\/p>\n\n\n\n<p>Lo hizo en <strong>una exposici\u00f3n ante los medios en la Gobernaci\u00f3n junto a la vicegobernadora Ver\u00f3nica Magario, donde anunci\u00f3 adem\u00e1s que envi\u00f3 un proyecto a la Legislatura para suspender las PASO <em>\u201clo m\u00e1s r\u00e1pido posible\u201d.<\/em><\/strong><\/p>\n\n\n\n<p><em>\u201cQuiero hablarle con claridad a nuestro pueblo y a todas las fuerzas pol\u00edticas. Lo hago como gobernador de los 17 millones de bonaerenses, con mis facultades y la responsabilidad de tomar decisiones a favor de la provincia\u201d <\/em>expres\u00f3 el gobernador y agreg\u00f3 que <em>\u201csobre las PASO, la mayor\u00eda de las provincias las suspendieron. Hace un mes, en la apertura de sesiones, le ped\u00ed a la legislatura que las suspendiera en la provincia. Aunque la mayor\u00eda de las fuerzas pol\u00edticas est\u00e1n de acuerdo y hay varios proyectos, esto todav\u00eda no se logr\u00f3\u201d.<\/em> <strong>Le pidi\u00f3 a los legisladores una resoluci\u00f3n <em>\u201curgente\u201d.<\/em><\/strong><\/p>\n\n\n\n<p>A continuaci\u00f3n, carg\u00f3 con dureza contra el gobierno de Milei ya que <em>\u201cimpuls\u00f3 de manera inconsulta y con total irresponsabilidad un sistema nuevo de votaci\u00f3n en la PBA, jam\u00e1s utilizado, la Boleta \u00fanica de papel. En la ley de BUP se obliga a que cada persona vote en dos urnas diferentes, con boletas diferentes y sistemas diferentes. Uno de ellos absolutamente desconocido porque nunca se utiliz\u00f3\u201d.<\/em><\/p>\n\n\n\n<blockquote class=\"wp-block-quote is-layout-flow wp-block-quote-is-layout-flow\">\n<p>Tras varios estudios y simulaciones, el gobernador admiti\u00f3 que \u201ces inviable votar de esta manera\u201d. \u201cLas diversas simulaciones que se realizaron marcan que el tiempo por voto se duplica, llevar\u00eda casi cuatro minutos.\u00a0 Se armar\u00edan largas colas generando un infierno. No es una decisi\u00f3n nuestra, lo resolvi\u00f3 Milei\u201d.<\/p>\n<\/blockquote>\n\n\n\n<p>Luego de recordar <strong>lo sucedido con la elecci\u00f3n en Ciudad de Buenos Aires en 2023 con dos sistemas distintos,<\/strong> <em>\u201cla mayor\u00eda de los gobernadores ha decidido desdoblar las elecciones. Para asegurar que se vote de manera simple y eficiente. Algunos sugieren duplicar las mesas o los lugares de votaci\u00f3n. En nuestra provincia es imposible. Ya, al d\u00eda de hoy, se vota en muchos lugares inadecuados, urnas m\u00f3viles, jardines de infantes o incluso en otros municipios\u201d.<\/em><\/p>\n\n\n\n<blockquote class=\"wp-block-quote is-layout-flow wp-block-quote-is-layout-flow\">\n<p>\u201cLa conclusi\u00f3n es clara y contundente: votar el mismo d\u00eda combinando dos modalidades distintas ser\u00eda un caos, surgir\u00edan dificultades de todo tipo y aumentar\u00edan las posibilidades de que un ciudadano no pueda traducir su preferencia en un voto efectivo\u201d.<\/p>\n<\/blockquote>\n\n\n\n<p><strong>All\u00ed, anunci\u00f3 que las elecciones donde se elegir\u00e1n diputados y senadores provinciales, concejales y consejeros escolares ser\u00e1n el 7 de septiembre. El Gobernador aspira adem\u00e1s que se suspendan las PASO y quede sin efecto la fecha de convocatoria a las urnas para el 13 de julio, pero eso deber\u00e1 resolverlo la Legislatura Bonaerense.<\/strong><\/p>\n","protected":false},"excerpt":{"rendered":"<p>Culp\u00f3 a Milei de \u201ccambiar las reglas del juego\u201d tras suspender las PASO y anunciar Boleta \u00danica en Papel. El<\/p>\n","protected":false},"author":2,"featured_media":168454,"comment_status":"closed","ping_status":"closed","sticky":false,"template":"","format":"standard","meta":{"_jetpack_memberships_contains_paid_content":false,"footnotes":""},"categories":[4,1],"tags":[],"class_list":["post-168453","post","type-post","status-publish","format-standard","has-post-thumbnail","hentry","category-politica","category-portada"],"jetpack_featured_media_url":"https:\/\/i0.wp.com\/cdnoticias.com\/wp-content\/uploads\/2025\/04\/DSC44292-scaled.jpg?fit=2560%2C1708&ssl=1","jetpack_sharing_enabled":true,"_links":{"self":[{"href":"https:\/\/cdnoticias.com\/index.php\/wp-json\/wp\/v2\/posts\/168453","targetHints":{"allow":["GET"]}}],"collection":[{"href":"https:\/\/cdnoticias.com\/index.php\/wp-json\/wp\/v2\/posts"}],"about":[{"href":"https:\/\/cdnoticias.com\/index.php\/wp-json\/wp\/v2\/types\/post"}],"author":[{"embeddable":true,"href":"https:\/\/cdnoticias.com\/index.php\/wp-json\/wp\/v2\/users\/2"}],"replies":[{"embeddable":true,"href":"https:\/\/cdnoticias.com\/index.php\/wp-json\/wp\/v2\/comments?post=168453"}],"version-history":[{"count":0,"href":"https:\/\/cdnoticias.com\/index.php\/wp-json\/wp\/v2\/posts\/168453\/revisions"}],"wp:featuredmedia":[{"embeddable":true,"href":"https:\/\/cdnoticias.com\/index.php\/wp-json\/wp\/v2\/media\/168454"}],"wp:attachment":[{"href":"https:\/\/cdnoticias.com\/index.php\/wp-json\/wp\/v2\/media?parent=168453"}],"wp:term":[{"taxonomy":"category","embeddable":true,"href":"https:\/\/cdnoticias.com\/index.php\/wp-json\/wp\/v2\/categories?post=168453"},{"taxonomy":"post_tag","embeddable":true,"href":"https:\/\/cdnoticias.com\/index.php\/wp-json\/wp\/v2\/tags?post=168453"}],"curies":[{"name":"wp","href":"https:\/\/api.w.org\/{rel}","templated":true}]}}