{"id":168446,"date":"2025-04-07T18:57:09","date_gmt":"2025-04-07T21:57:09","guid":{"rendered":"https:\/\/cdnoticias.com\/?p=168446"},"modified":"2025-04-07T18:57:11","modified_gmt":"2025-04-07T21:57:11","slug":"se-inauguro-la-muestra-pilotos-de-olavarria-serie-1-en-el-museo-emiliozzi","status":"publish","type":"post","link":"https:\/\/cdnoticias.com\/index.php\/2025\/04\/07\/se-inauguro-la-muestra-pilotos-de-olavarria-serie-1-en-el-museo-emiliozzi\/","title":{"rendered":"Se inaugur\u00f3 la muestra \u201cPilotos de Olavarr\u00eda, Serie #1\u201d en el Museo Emiliozzi"},"content":{"rendered":"\n<p>Fue en la tarde de este s\u00e1bado. En esta ocasi\u00f3n se present\u00f3 el Peugeot 404 que preparaban los Gringos Emiliozzi y corr\u00eda M\u00e1ximo Boub\u00e9e.<\/p>\n\n\n\n<hr class=\"wp-block-separator aligncenter has-alpha-channel-opacity\"\/>\n\n\n\n<p>En la tarde del s\u00e1bado <strong>qued\u00f3 inaugurada la muestra \u201cPilotos de Olavarr\u00eda, Serie #1\u201d<\/strong> en el <strong>Museo Municipal \u201cHermanos Emiliozzi\u201d,<\/strong> con la finalidad de poner en valor a los pilotos del automovilismo deportivo que han representado a nuestra ciudad.<\/p>\n\n\n\n<p><\/p>\n\n\n\n<p>La apertura cont\u00f3 con la presencia de la directora de Patrimonio Dana Vergara, la encargada del Museo Emiliozzi Susana Mart\u00ednez, familiares de M\u00e1ximo Boub\u00e9e y un gran n\u00famero de visitantes. En esta ocasi\u00f3n<strong> se present\u00f3 el Peugeot 404 que preparaban los Gringos Emiliozzi y corr\u00eda M\u00e1ximo Boub\u00e9e.<\/strong><\/p>\n\n\n\n<p><\/p>\n\n\n\n<p><\/p>\n\n\n\n<figure class=\"wp-block-image aligncenter size-full\"><img data-recalc-dims=\"1\" loading=\"lazy\" decoding=\"async\" width=\"800\" height=\"486\" src=\"https:\/\/i0.wp.com\/cdnoticias.com\/wp-content\/uploads\/2025\/04\/pilotos-muestra-museo.png?resize=800%2C486&#038;ssl=1\" alt=\"\" class=\"wp-image-168451\" srcset=\"https:\/\/i0.wp.com\/cdnoticias.com\/wp-content\/uploads\/2025\/04\/pilotos-muestra-museo.png?w=888&amp;ssl=1 888w, https:\/\/i0.wp.com\/cdnoticias.com\/wp-content\/uploads\/2025\/04\/pilotos-muestra-museo.png?resize=300%2C182&amp;ssl=1 300w, https:\/\/i0.wp.com\/cdnoticias.com\/wp-content\/uploads\/2025\/04\/pilotos-muestra-museo.png?resize=768%2C467&amp;ssl=1 768w\" sizes=\"auto, (max-width: 800px) 100vw, 800px\" \/><\/figure>\n\n\n\n<p><\/p>\n\n\n\n<p><strong>Historia de M\u00e1ximo Boub\u00e9e<\/strong><\/p>\n\n\n\n<p><em>\u201cComo concesionarios Peugeot recibimos una propuesta de la f\u00e1brica: nos ofrecieron un 404 del equipo para correr en \u201cTurismo Mejorado Anexo J\u201d. M\u00e1s que correrlo nos interesar\u00eda fiscalizar la preparaci\u00f3n y le confiar\u00edamos el autom\u00f3vil a un piloto joven que todav\u00eda no se haya consagrado\u201d,<\/em> contaba Dante Emiliozzi para la Revista Automundo del a\u00f1o 1966.<\/p>\n\n\n\n<p><\/p>\n\n\n\n<p>Ese piloto joven era M\u00e1ximo Boub\u00e9e y se trataba de un Peugeot 404 semioficial con apoyo de f\u00e1brica de color negro con llantas, techo y ba\u00fal blancos, bautizados como \u201cping\u00fcinos\u201d con preparaci\u00f3n de \u201cBeto\u201d Emiliozzi y supervisi\u00f3n de los Gringos. \u201cBeto\u201d Emiliozzi tambi\u00e9n era el copiloto de Boub\u00e9e.<\/p>\n\n\n\n<p><\/p>\n\n\n\n<figure class=\"wp-block-image aligncenter size-full\"><img data-recalc-dims=\"1\" loading=\"lazy\" decoding=\"async\" width=\"800\" height=\"470\" src=\"https:\/\/i0.wp.com\/cdnoticias.com\/wp-content\/uploads\/2025\/04\/pilotos-muestra-museo1.png?resize=800%2C470&#038;ssl=1\" alt=\"\" class=\"wp-image-168450\" srcset=\"https:\/\/i0.wp.com\/cdnoticias.com\/wp-content\/uploads\/2025\/04\/pilotos-muestra-museo1.png?w=886&amp;ssl=1 886w, https:\/\/i0.wp.com\/cdnoticias.com\/wp-content\/uploads\/2025\/04\/pilotos-muestra-museo1.png?resize=300%2C176&amp;ssl=1 300w, https:\/\/i0.wp.com\/cdnoticias.com\/wp-content\/uploads\/2025\/04\/pilotos-muestra-museo1.png?resize=768%2C452&amp;ssl=1 768w\" sizes=\"auto, (max-width: 800px) 100vw, 800px\" \/><\/figure>\n\n\n\n<p><\/p>\n\n\n\n<blockquote class=\"wp-block-quote is-layout-flow wp-block-quote-is-layout-flow\">\n<p>La muestra cuenta la historia deportiva de Boub\u00e9e, con trofeos, recortes period\u00edsticos, fotos, la copia fiel del Peugeot 404 que corri\u00f3 en Turismo Mejorado, Anexo J.<\/p>\n<\/blockquote>\n\n\n\n<p><\/p>\n\n\n\n<p>Adem\u00e1s se complementa con<strong> trofeos de pilotos olavarrienses que corrieron en categor\u00edas nacionales,<\/strong> im\u00e1genes del TC en Olavarr\u00eda tomadas por <strong>Andr\u00e9s Arouxet, Miguel \u00c1ngel Martins y Archivo de El Polular.<\/strong><\/p>\n\n\n\n<p><\/p>\n\n\n\n<p>La muestra<strong> se podr\u00e1 visitar hasta el 30 de junio<\/strong> los d\u00edas martes de 8 a 13 horas, mi\u00e9rcoles, jueves y viernes de 8 a 17 horas, s\u00e1bados, domingos y feriados 16 a 19 hs. Por turnos para visitas guiadas escribir al mail museohnosemiliozzi@olavarria.gov.ar<\/p>\n\n\n\n<p><\/p>\n\n\n\n<figure class=\"wp-block-image aligncenter size-full\"><img data-recalc-dims=\"1\" loading=\"lazy\" decoding=\"async\" width=\"800\" height=\"474\" src=\"https:\/\/i0.wp.com\/cdnoticias.com\/wp-content\/uploads\/2025\/04\/pilotos-muestra-museo2.png?resize=800%2C474&#038;ssl=1\" alt=\"\" class=\"wp-image-168449\" srcset=\"https:\/\/i0.wp.com\/cdnoticias.com\/wp-content\/uploads\/2025\/04\/pilotos-muestra-museo2.png?w=885&amp;ssl=1 885w, https:\/\/i0.wp.com\/cdnoticias.com\/wp-content\/uploads\/2025\/04\/pilotos-muestra-museo2.png?resize=300%2C178&amp;ssl=1 300w, https:\/\/i0.wp.com\/cdnoticias.com\/wp-content\/uploads\/2025\/04\/pilotos-muestra-museo2.png?resize=768%2C455&amp;ssl=1 768w\" sizes=\"auto, (max-width: 800px) 100vw, 800px\" \/><\/figure>\n\n\n\n<p><\/p>\n","protected":false},"excerpt":{"rendered":"<p>Fue en la tarde de este s\u00e1bado. En esta ocasi\u00f3n se present\u00f3 el Peugeot 404 que preparaban los Gringos Emiliozzi<\/p>\n","protected":false},"author":6,"featured_media":168448,"comment_status":"closed","ping_status":"closed","sticky":false,"template":"","format":"standard","meta":{"_jetpack_memberships_contains_paid_content":false,"footnotes":""},"categories":[9,1],"tags":[],"class_list":["post-168446","post","type-post","status-publish","format-standard","has-post-thumbnail","hentry","category-cultura","category-portada"],"jetpack_featured_media_url":"https:\/\/i0.wp.com\/cdnoticias.com\/wp-content\/uploads\/2025\/04\/pilotos-muestra-museo3.png?fit=880%2C515&ssl=1","jetpack_sharing_enabled":true,"_links":{"self":[{"href":"https:\/\/cdnoticias.com\/index.php\/wp-json\/wp\/v2\/posts\/168446","targetHints":{"allow":["GET"]}}],"collection":[{"href":"https:\/\/cdnoticias.com\/index.php\/wp-json\/wp\/v2\/posts"}],"about":[{"href":"https:\/\/cdnoticias.com\/index.php\/wp-json\/wp\/v2\/types\/post"}],"author":[{"embeddable":true,"href":"https:\/\/cdnoticias.com\/index.php\/wp-json\/wp\/v2\/users\/6"}],"replies":[{"embeddable":true,"href":"https:\/\/cdnoticias.com\/index.php\/wp-json\/wp\/v2\/comments?post=168446"}],"version-history":[{"count":0,"href":"https:\/\/cdnoticias.com\/index.php\/wp-json\/wp\/v2\/posts\/168446\/revisions"}],"wp:featuredmedia":[{"embeddable":true,"href":"https:\/\/cdnoticias.com\/index.php\/wp-json\/wp\/v2\/media\/168448"}],"wp:attachment":[{"href":"https:\/\/cdnoticias.com\/index.php\/wp-json\/wp\/v2\/media?parent=168446"}],"wp:term":[{"taxonomy":"category","embeddable":true,"href":"https:\/\/cdnoticias.com\/index.php\/wp-json\/wp\/v2\/categories?post=168446"},{"taxonomy":"post_tag","embeddable":true,"href":"https:\/\/cdnoticias.com\/index.php\/wp-json\/wp\/v2\/tags?post=168446"}],"curies":[{"name":"wp","href":"https:\/\/api.w.org\/{rel}","templated":true}]}}