{"id":16844,"date":"2021-03-22T13:09:34","date_gmt":"2021-03-22T16:09:34","guid":{"rendered":"http:\/\/www.centraldenoticias.com.ar\/?p=16844"},"modified":"2021-03-22T15:59:29","modified_gmt":"2021-03-22T18:59:29","slug":"dia-de-la-memoria-el-concejo-celebrara-la-sesion-especial","status":"publish","type":"post","link":"https:\/\/cdnoticias.com\/index.php\/2021\/03\/22\/dia-de-la-memoria-el-concejo-celebrara-la-sesion-especial\/","title":{"rendered":"D\u00eda de la Memoria: el Concejo celebrar\u00e1 la sesi\u00f3n especial"},"content":{"rendered":"<p>En la ma\u00f1ana del mi\u00e9rcoles se realizar\u00e1 la tradicional sesi\u00f3n especial en Monte Pelloni. A continuaci\u00f3n, los concejales tendr\u00e1n la segunda sesi\u00f3n ordinaria.<!--more--><\/p>\n<hr \/>\n<p><strong>Como cada 24 de marzo, el Concejo Deliberante celebrar\u00e1 la sesi\u00f3n especial por el D\u00eda de la Memoria en el ex Centro Clandestino de Detenci\u00f3n Monte Pelloni<\/strong>.<\/p>\n<p>&nbsp;<\/p>\n<p>Comenzar\u00e1 a las 10 del mi\u00e9rcoles en el predio.<\/p>\n<p>&nbsp;<\/p>\n<p>Una vez concluida esta sesi\u00f3n, y luego de un cuarto intermedio, <strong>se pondr\u00e1 en marcha la segunda sesi\u00f3n ordinaria<\/strong> correspondiente al calendario 2021.<\/p>\n<p>&nbsp;<\/p>\n<p>Desde el Legislativo se destac\u00f3 que \u201cdicha decisi\u00f3n fue consensuada por la Presidencia de la instituci\u00f3n junto a los referentes de todos los bloques pol\u00edticos\u201d.<\/p>\n<p>&nbsp;<\/p>\n<p>A su vez, se aclar\u00f3 que \u201cdebido a la falta de recursos donde se desarrollar\u00e1 el encuentro\u201d <strong>no se transmitir\u00e1n en directo las sesiones<\/strong>, las cuales estar\u00e1n disponibles por la noche del mismo mi\u00e9rcoles en el canal de Youtube del Concejo Deliberante de Olavarr\u00eda.<\/p>\n","protected":false},"excerpt":{"rendered":"<p>En la ma\u00f1ana del mi\u00e9rcoles se realizar\u00e1 la tradicional sesi\u00f3n especial en Monte Pelloni. A continuaci\u00f3n, los concejales tendr\u00e1n la<\/p>\n","protected":false},"author":4,"featured_media":2110,"comment_status":"closed","ping_status":"closed","sticky":false,"template":"","format":"standard","meta":{"_jetpack_memberships_contains_paid_content":false,"footnotes":""},"categories":[4,1],"tags":[],"class_list":["post-16844","post","type-post","status-publish","format-standard","has-post-thumbnail","hentry","category-politica","category-portada"],"jetpack_featured_media_url":"https:\/\/i0.wp.com\/cdnoticias.com\/wp-content\/uploads\/2020\/09\/WhatsApp-Image-2020-09-21-at-15.28.02-e1600722640755.jpeg?fit=1037%2C618&ssl=1","jetpack_sharing_enabled":true,"_links":{"self":[{"href":"https:\/\/cdnoticias.com\/index.php\/wp-json\/wp\/v2\/posts\/16844","targetHints":{"allow":["GET"]}}],"collection":[{"href":"https:\/\/cdnoticias.com\/index.php\/wp-json\/wp\/v2\/posts"}],"about":[{"href":"https:\/\/cdnoticias.com\/index.php\/wp-json\/wp\/v2\/types\/post"}],"author":[{"embeddable":true,"href":"https:\/\/cdnoticias.com\/index.php\/wp-json\/wp\/v2\/users\/4"}],"replies":[{"embeddable":true,"href":"https:\/\/cdnoticias.com\/index.php\/wp-json\/wp\/v2\/comments?post=16844"}],"version-history":[{"count":0,"href":"https:\/\/cdnoticias.com\/index.php\/wp-json\/wp\/v2\/posts\/16844\/revisions"}],"wp:featuredmedia":[{"embeddable":true,"href":"https:\/\/cdnoticias.com\/index.php\/wp-json\/wp\/v2\/media\/2110"}],"wp:attachment":[{"href":"https:\/\/cdnoticias.com\/index.php\/wp-json\/wp\/v2\/media?parent=16844"}],"wp:term":[{"taxonomy":"category","embeddable":true,"href":"https:\/\/cdnoticias.com\/index.php\/wp-json\/wp\/v2\/categories?post=16844"},{"taxonomy":"post_tag","embeddable":true,"href":"https:\/\/cdnoticias.com\/index.php\/wp-json\/wp\/v2\/tags?post=16844"}],"curies":[{"name":"wp","href":"https:\/\/api.w.org\/{rel}","templated":true}]}}