{"id":168438,"date":"2025-04-07T18:08:49","date_gmt":"2025-04-07T21:08:49","guid":{"rendered":"https:\/\/cdnoticias.com\/?p=168438"},"modified":"2025-04-08T18:02:59","modified_gmt":"2025-04-08T21:02:59","slug":"estimaron-oficialmente-en-25-mil-los-asistentes-a-la-kreppelfest","status":"publish","type":"post","link":"https:\/\/cdnoticias.com\/index.php\/2025\/04\/07\/estimaron-oficialmente-en-25-mil-los-asistentes-a-la-kreppelfest\/","title":{"rendered":"Estimaron oficialmente en 25 mil los asistentes a la Kreppelfest"},"content":{"rendered":"\n<p>Tuvo un cierre estelar con La Nueva Luna en una jornada de gran asistencia de p\u00fablico a lo largo de la avenida de los Fundadores. <\/p>\n\n\n\n<hr class=\"wp-block-separator aligncenter has-alpha-channel-opacity\"\/>\n\n\n\n<p><strong>Colonia Hinojo volvi\u00f3 a vestirse de fiesta con la decimotercera edici\u00f3n de la Kreppelfest, <\/strong>que una vez m\u00e1s reuni\u00f3 a miles de vecinos y visitantes en un evento que ya se convirti\u00f3 en uno de los m\u00e1s convocantes del calendario local. La celebraci\u00f3n se extendi\u00f3 durante s\u00e1bado y domingo con m\u00faltiples propuestas gastron\u00f3micas, culturales y art\u00edsticas que culminaron con un show multitudinario de La Nueva Luna.<\/p>\n\n\n\n<p>El intendente Maximiliano Wesner particip\u00f3 del evento y entreg\u00f3 el Decreto de Inter\u00e9s Municipal a la organizaci\u00f3n, destacando el valor cultural y social de la fiesta. <strong>A lo largo de la Avenida Fundadores se desplegaron puestos de comida, food trucks, patios cerveceros y espacios para todas las edades.<\/strong><\/p>\n\n\n\n<p>Entre los momentos m\u00e1s esperados estuvieron el tradicional desfile de instituciones y colectividades, y<strong> el cl\u00e1sico \u201cespiche\u201d o ritual de la cerveza.<\/strong> El escenario principal recibi\u00f3 a numerosas agrupaciones como el <strong>Taller Municipal de Danzas Alemanas \u201cWir Bringen Freude\u201d, el Ballet de La Dulce Vida y la banda Brisas Inmigrantes. Tambi\u00e9n se presentaron Herederos y Mart\u00edn Barraza, antes del cierre a puro baile con La Nueva Luna.<\/strong><\/p>\n\n\n\n<figure class=\"wp-block-image size-large\"><img data-recalc-dims=\"1\" loading=\"lazy\" decoding=\"async\" width=\"800\" height=\"532\" src=\"https:\/\/i0.wp.com\/cdnoticias.com\/wp-content\/uploads\/2025\/04\/Kreppel-dia-2-web-59.jpg?resize=800%2C532&#038;ssl=1\" alt=\"\" class=\"wp-image-168440\" srcset=\"https:\/\/i0.wp.com\/cdnoticias.com\/wp-content\/uploads\/2025\/04\/Kreppel-dia-2-web-59.jpg?resize=1024%2C681&amp;ssl=1 1024w, https:\/\/i0.wp.com\/cdnoticias.com\/wp-content\/uploads\/2025\/04\/Kreppel-dia-2-web-59.jpg?resize=300%2C200&amp;ssl=1 300w, https:\/\/i0.wp.com\/cdnoticias.com\/wp-content\/uploads\/2025\/04\/Kreppel-dia-2-web-59.jpg?resize=768%2C511&amp;ssl=1 768w, https:\/\/i0.wp.com\/cdnoticias.com\/wp-content\/uploads\/2025\/04\/Kreppel-dia-2-web-59.jpg?resize=272%2C182&amp;ssl=1 272w, https:\/\/i0.wp.com\/cdnoticias.com\/wp-content\/uploads\/2025\/04\/Kreppel-dia-2-web-59.jpg?w=1400&amp;ssl=1 1400w\" sizes=\"auto, (max-width: 800px) 100vw, 800px\" \/><\/figure>\n\n\n\n<p>La Kreppelfest fue organizada por el Grupo Organizador de la fiesta junto al Municipio de Olavarr\u00eda, la Delegaci\u00f3n de Hinojo y el Instituto Cultural de la Provincia de Buenos Aires.<\/p>\n\n\n\n<p>Para quienes se acerquen en pr\u00f3ximas ediciones, no faltar\u00e1n los sabores t\u00edpicos alemanes, la alegr\u00eda del folclore local y una grilla art\u00edstica para todos los gustos. Ideal para disfrutar en familia o con amigos.<\/p>\n","protected":false},"excerpt":{"rendered":"<p>Tuvo un cierre estelar con La Nueva Luna en una jornada de gran asistencia de p\u00fablico a lo largo de<\/p>\n","protected":false},"author":2,"featured_media":168439,"comment_status":"closed","ping_status":"closed","sticky":false,"template":"","format":"standard","meta":{"_jetpack_memberships_contains_paid_content":false,"footnotes":""},"categories":[9,1],"tags":[],"class_list":["post-168438","post","type-post","status-publish","format-standard","has-post-thumbnail","hentry","category-cultura","category-portada"],"jetpack_featured_media_url":"https:\/\/i0.wp.com\/cdnoticias.com\/wp-content\/uploads\/2025\/04\/Kreppel-dia-2-web-57.jpg?fit=1400%2C931&ssl=1","jetpack_sharing_enabled":true,"_links":{"self":[{"href":"https:\/\/cdnoticias.com\/index.php\/wp-json\/wp\/v2\/posts\/168438","targetHints":{"allow":["GET"]}}],"collection":[{"href":"https:\/\/cdnoticias.com\/index.php\/wp-json\/wp\/v2\/posts"}],"about":[{"href":"https:\/\/cdnoticias.com\/index.php\/wp-json\/wp\/v2\/types\/post"}],"author":[{"embeddable":true,"href":"https:\/\/cdnoticias.com\/index.php\/wp-json\/wp\/v2\/users\/2"}],"replies":[{"embeddable":true,"href":"https:\/\/cdnoticias.com\/index.php\/wp-json\/wp\/v2\/comments?post=168438"}],"version-history":[{"count":0,"href":"https:\/\/cdnoticias.com\/index.php\/wp-json\/wp\/v2\/posts\/168438\/revisions"}],"wp:featuredmedia":[{"embeddable":true,"href":"https:\/\/cdnoticias.com\/index.php\/wp-json\/wp\/v2\/media\/168439"}],"wp:attachment":[{"href":"https:\/\/cdnoticias.com\/index.php\/wp-json\/wp\/v2\/media?parent=168438"}],"wp:term":[{"taxonomy":"category","embeddable":true,"href":"https:\/\/cdnoticias.com\/index.php\/wp-json\/wp\/v2\/categories?post=168438"},{"taxonomy":"post_tag","embeddable":true,"href":"https:\/\/cdnoticias.com\/index.php\/wp-json\/wp\/v2\/tags?post=168438"}],"curies":[{"name":"wp","href":"https:\/\/api.w.org\/{rel}","templated":true}]}}