{"id":168431,"date":"2025-04-07T19:43:05","date_gmt":"2025-04-07T22:43:05","guid":{"rendered":"https:\/\/cdnoticias.com\/?p=168431"},"modified":"2025-04-07T19:43:06","modified_gmt":"2025-04-07T22:43:06","slug":"el-verdadero-compromiso-con-la-educacion-se-refleja-en-inversion-y-hechos-concretos","status":"publish","type":"post","link":"https:\/\/cdnoticias.com\/index.php\/2025\/04\/07\/el-verdadero-compromiso-con-la-educacion-se-refleja-en-inversion-y-hechos-concretos\/","title":{"rendered":"\u201cEl verdadero compromiso con la educaci\u00f3n se refleja en inversi\u00f3n y hechos concretos\u201d"},"content":{"rendered":"\n<p>El intendente Maximiliano Wesner visit\u00f3 las obras de refacci\u00f3n y ampliaci\u00f3n de la Escuela N\u00b0 57. La obra tiene un presupuesto oficial de $231.991.165.<\/p>\n\n\n\n<hr class=\"wp-block-separator aligncenter has-alpha-channel-opacity\"\/>\n\n\n\n<p>En la ma\u00f1ana de este lunes<strong> el intendente Maximiliano Wesner visit\u00f3 la Escuela N\u00b0 57 \u201cD\u00e1maso Arce\u201d, <\/strong>ubicada en la esquina de 9 de Julio y Canaveri, donde se lleva a cabo una<strong> obra de reacondicionamiento integral,<\/strong> dado que contempla no s\u00f3lo la refacci\u00f3n de distintos espacios, sino la incorporaci\u00f3n de nuevos ambientes, tanto aulas como oficinas administrativas.\u00a0<\/p>\n\n\n\n<p><\/p>\n\n\n\n<p>Los trabajos se ejecutan en el marco de la continuidad del <strong>Plan de Infraestructura Educativa,<\/strong> que se replica en numerosas instituciones de todo el Partido de Olavarr\u00eda.<\/p>\n\n\n\n<p><\/p>\n\n\n\n<p>En la actividad el jefe comunal estuvo acompa\u00f1ado por el secretario de Obras, Infraestructura y Servicios P\u00fablicos Orfel Fari\u00f1a,&nbsp; la Jefa Regional Marta Casanella, el presidente del Consejo Escolar Ariel Rodr\u00edguez y la directora del establecimiento, Mariana Rom\u00e1n.<\/p>\n\n\n\n<p><\/p>\n\n\n\n<blockquote class=\"wp-block-quote is-layout-flow wp-block-quote-is-layout-flow\">\n<p>Tal como lo expres\u00f3 en el discurso de inicio de sesiones ordinarias, Wesner enfatiz\u00f3 que \u201cel verdadero compromiso con la educaci\u00f3n se refleja en inversi\u00f3n y hechos concretos\u201d.<\/p>\n<\/blockquote>\n\n\n\n<p><\/p>\n\n\n\n<figure class=\"wp-block-image aligncenter size-full\"><img data-recalc-dims=\"1\" loading=\"lazy\" decoding=\"async\" width=\"800\" height=\"478\" src=\"https:\/\/i0.wp.com\/cdnoticias.com\/wp-content\/uploads\/2025\/04\/wesner-escuela-57.png?resize=800%2C478&#038;ssl=1\" alt=\"\" class=\"wp-image-168435\" srcset=\"https:\/\/i0.wp.com\/cdnoticias.com\/wp-content\/uploads\/2025\/04\/wesner-escuela-57.png?w=889&amp;ssl=1 889w, https:\/\/i0.wp.com\/cdnoticias.com\/wp-content\/uploads\/2025\/04\/wesner-escuela-57.png?resize=300%2C179&amp;ssl=1 300w, https:\/\/i0.wp.com\/cdnoticias.com\/wp-content\/uploads\/2025\/04\/wesner-escuela-57.png?resize=768%2C459&amp;ssl=1 768w\" sizes=\"auto, (max-width: 800px) 100vw, 800px\" \/><\/figure>\n\n\n\n<p><\/p>\n\n\n\n<p>Rom\u00e1n, por su parte, indic\u00f3 que <em>\u201ciniciamos el ciclo esperando la obra, sab\u00edamos que estaba anunciada, y al d\u00eda siguiente nos lleg\u00f3 la sorpresa de que deb\u00edamos trasladarnos al Jard\u00edn 917, que nos abri\u00f3 sus puertas, para dar inicio a la obra. Ya estamos a un mes de iniciada, es algo muy esperado para nosotros, que hayamos sido visibilizados, puestos en una mesa de gesti\u00f3n, es sumamente importante\u201d.<\/em><\/p>\n\n\n\n<p><\/p>\n\n\n\n<p>\u201cAgradecemos a la gesti\u00f3n del intendente, que haya puesto en valor esta necesidad tan importante, para seguir construyendo identidades y pertenencia. Agradecerles y estamos a la espera, viendo como est\u00e1 resurgiendo nuestra escuela\u201d, concluy\u00f3.<\/p>\n\n\n\n<p><\/p>\n\n\n\n<blockquote class=\"wp-block-quote is-layout-flow wp-block-quote-is-layout-flow\">\n<p>La obra inici\u00f3 el pasado 10 de marzo y se enmarca en la Licitaci\u00f3n P\u00fablica N\u00b0 1\/25, con un presupuesto oficial de $231.991.165. <\/p>\n<\/blockquote>\n\n\n\n<p><\/p>\n\n\n\n<p>Entre los trabajos se contemplan por un lado, la construcci\u00f3n de 2 aulas y 3 oficinas que conformar\u00e1n el \u00e1rea administrativa.\u00a0 A la par, parte del edificio se encuentra siendo reestructurado, no solo para adicionar dicho sector administrativo, sino tambi\u00e9n la incorporaci\u00f3n de sanitarios para personal docente y auxiliar, y para personas con discapacidad, adem\u00e1s de un dep\u00f3sito.<\/p>\n\n\n\n<p><\/p>\n\n\n\n<figure class=\"wp-block-image aligncenter size-full\"><img data-recalc-dims=\"1\" loading=\"lazy\" decoding=\"async\" width=\"800\" height=\"494\" src=\"https:\/\/i0.wp.com\/cdnoticias.com\/wp-content\/uploads\/2025\/04\/wesner-escuela-57-2.png?resize=800%2C494&#038;ssl=1\" alt=\"\" class=\"wp-image-168433\" srcset=\"https:\/\/i0.wp.com\/cdnoticias.com\/wp-content\/uploads\/2025\/04\/wesner-escuela-57-2.png?w=886&amp;ssl=1 886w, https:\/\/i0.wp.com\/cdnoticias.com\/wp-content\/uploads\/2025\/04\/wesner-escuela-57-2.png?resize=300%2C185&amp;ssl=1 300w, https:\/\/i0.wp.com\/cdnoticias.com\/wp-content\/uploads\/2025\/04\/wesner-escuela-57-2.png?resize=768%2C474&amp;ssl=1 768w\" sizes=\"auto, (max-width: 800px) 100vw, 800px\" \/><\/figure>\n\n\n\n<p><\/p>\n\n\n\n<p>Es tal la dimensi\u00f3n y la integralidad de la obra que incluye tambi\u00e9n la <strong>adici\u00f3n de una cocina y dep\u00f3sito junto al \u00e1rea de comedor.<\/strong> Para concretarlo se desmantelar\u00e1 la actual cocina y ese espacio ser\u00e1 destinado por completo para el comedor.<\/p>\n\n\n\n<p><\/p>\n\n\n\n<p>En ese sentido, el personal del establecimiento, en el marco del recorrido, explic\u00f3 que previo a la obra se deb\u00eda disponer de distintos turnos para poder albergar a la totalidad de chicos y chicas.<\/p>\n\n\n\n<p><\/p>\n\n\n\n<p>Por \u00faltimo, vale mencionar que se prev\u00e9 tambi\u00e9n que, una vez finalizadas las obras en dicho sector, se ejecute la <strong>remodelaci\u00f3n completa de la bater\u00eda de sanitarios<\/strong> existente.<\/p>\n","protected":false},"excerpt":{"rendered":"<p>El intendente Maximiliano Wesner visit\u00f3 las obras de refacci\u00f3n y ampliaci\u00f3n de la Escuela N\u00b0 57. La obra tiene un<\/p>\n","protected":false},"author":6,"featured_media":168434,"comment_status":"closed","ping_status":"closed","sticky":false,"template":"","format":"standard","meta":{"_jetpack_memberships_contains_paid_content":false,"footnotes":""},"categories":[5,1],"tags":[],"class_list":["post-168431","post","type-post","status-publish","format-standard","has-post-thumbnail","hentry","category-informacion-general","category-portada"],"jetpack_featured_media_url":"https:\/\/i0.wp.com\/cdnoticias.com\/wp-content\/uploads\/2025\/04\/wesner-escuela-57-1.png?fit=893%2C516&ssl=1","jetpack_sharing_enabled":true,"_links":{"self":[{"href":"https:\/\/cdnoticias.com\/index.php\/wp-json\/wp\/v2\/posts\/168431","targetHints":{"allow":["GET"]}}],"collection":[{"href":"https:\/\/cdnoticias.com\/index.php\/wp-json\/wp\/v2\/posts"}],"about":[{"href":"https:\/\/cdnoticias.com\/index.php\/wp-json\/wp\/v2\/types\/post"}],"author":[{"embeddable":true,"href":"https:\/\/cdnoticias.com\/index.php\/wp-json\/wp\/v2\/users\/6"}],"replies":[{"embeddable":true,"href":"https:\/\/cdnoticias.com\/index.php\/wp-json\/wp\/v2\/comments?post=168431"}],"version-history":[{"count":0,"href":"https:\/\/cdnoticias.com\/index.php\/wp-json\/wp\/v2\/posts\/168431\/revisions"}],"wp:featuredmedia":[{"embeddable":true,"href":"https:\/\/cdnoticias.com\/index.php\/wp-json\/wp\/v2\/media\/168434"}],"wp:attachment":[{"href":"https:\/\/cdnoticias.com\/index.php\/wp-json\/wp\/v2\/media?parent=168431"}],"wp:term":[{"taxonomy":"category","embeddable":true,"href":"https:\/\/cdnoticias.com\/index.php\/wp-json\/wp\/v2\/categories?post=168431"},{"taxonomy":"post_tag","embeddable":true,"href":"https:\/\/cdnoticias.com\/index.php\/wp-json\/wp\/v2\/tags?post=168431"}],"curies":[{"name":"wp","href":"https:\/\/api.w.org\/{rel}","templated":true}]}}