{"id":16842,"date":"2021-03-22T12:52:34","date_gmt":"2021-03-22T15:52:34","guid":{"rendered":"http:\/\/www.centraldenoticias.com.ar\/?p=16842"},"modified":"2021-03-22T12:52:34","modified_gmt":"2021-03-22T15:52:34","slug":"marcos-matias-kessler-q-e-p-d","status":"publish","type":"post","link":"https:\/\/cdnoticias.com\/index.php\/2021\/03\/22\/marcos-matias-kessler-q-e-p-d\/","title":{"rendered":"Marcos Mat\u00edas Kessler (Q.E.P.D.)"},"content":{"rendered":"<p>Falleci\u00f3 en Olavarr\u00eda el d\u00eda 22 de marzo de 2021 a los 44 a\u00f1os de edad. Su madre: Celestina Haydee Kessler. Sus hermanos: Fernando, Federico, Celeste, Franco y Ver\u00f3nica Marques y dem\u00e1s deudos participan su fallecimiento.<\/p>\n<p>Velatorio: Sala de Espigas, comienza a las 13 hs. Sin responso. Inhumaci\u00f3n: Cementerio Municipal de Espigas, lunes 22 de marzo a las 15 hs.<\/p>\n<p>Lugar de nacimiento: Espigas.<\/p>\n","protected":false},"excerpt":{"rendered":"<p>Falleci\u00f3 en Olavarr\u00eda el d\u00eda 22 de marzo de 2021 a los 44 a\u00f1os de edad. Su madre: Celestina Haydee<\/p>\n","protected":false},"author":4,"featured_media":0,"comment_status":"closed","ping_status":"closed","sticky":false,"template":"","format":"standard","meta":{"_jetpack_memberships_contains_paid_content":false,"footnotes":""},"categories":[10],"tags":[],"class_list":["post-16842","post","type-post","status-publish","format-standard","hentry","category-necrologicas"],"jetpack_featured_media_url":"","jetpack_sharing_enabled":true,"_links":{"self":[{"href":"https:\/\/cdnoticias.com\/index.php\/wp-json\/wp\/v2\/posts\/16842","targetHints":{"allow":["GET"]}}],"collection":[{"href":"https:\/\/cdnoticias.com\/index.php\/wp-json\/wp\/v2\/posts"}],"about":[{"href":"https:\/\/cdnoticias.com\/index.php\/wp-json\/wp\/v2\/types\/post"}],"author":[{"embeddable":true,"href":"https:\/\/cdnoticias.com\/index.php\/wp-json\/wp\/v2\/users\/4"}],"replies":[{"embeddable":true,"href":"https:\/\/cdnoticias.com\/index.php\/wp-json\/wp\/v2\/comments?post=16842"}],"version-history":[{"count":0,"href":"https:\/\/cdnoticias.com\/index.php\/wp-json\/wp\/v2\/posts\/16842\/revisions"}],"wp:attachment":[{"href":"https:\/\/cdnoticias.com\/index.php\/wp-json\/wp\/v2\/media?parent=16842"}],"wp:term":[{"taxonomy":"category","embeddable":true,"href":"https:\/\/cdnoticias.com\/index.php\/wp-json\/wp\/v2\/categories?post=16842"},{"taxonomy":"post_tag","embeddable":true,"href":"https:\/\/cdnoticias.com\/index.php\/wp-json\/wp\/v2\/tags?post=16842"}],"curies":[{"name":"wp","href":"https:\/\/api.w.org\/{rel}","templated":true}]}}