{"id":168416,"date":"2025-04-08T08:39:44","date_gmt":"2025-04-08T11:39:44","guid":{"rendered":"https:\/\/cdnoticias.com\/?p=168416"},"modified":"2025-04-08T09:53:55","modified_gmt":"2025-04-08T12:53:55","slug":"el-municipio-entrego-mobiliario-a-centros-asistenciales-y-de-salud","status":"publish","type":"post","link":"https:\/\/cdnoticias.com\/index.php\/2025\/04\/08\/el-municipio-entrego-mobiliario-a-centros-asistenciales-y-de-salud\/","title":{"rendered":"El Municipio entreg\u00f3 mobiliario a centros asistenciales y de salud"},"content":{"rendered":"\n<p>Las camas articuladas, camillas y sillones ser\u00e1n destinados al Hospital Municipal \u201cH\u00e9ctor M. Cura\u201d y el Hospital Municipal de Hinojo, entre otros centros de salud.&nbsp;<\/p>\n\n\n\n<hr class=\"wp-block-separator aligncenter has-alpha-channel-opacity\"\/>\n\n\n\n<p>Este lunes por la ma\u00f1ana tuvo lugar una <strong>nueva entrega de mobiliario <\/strong>en el marco del <strong>convenio firmado por el Municipio de Olavarr\u00eda y el Polo Industrial <\/strong>que funciona en las distintas Unidades del Servicio Penitenciario en Sierra Chica.\u00a0<\/p>\n\n\n\n<p><\/p>\n\n\n\n<p>En la oportunidad, se trat\u00f3 de <strong>camas articuladas, camillas y sillones,<\/strong> que ser\u00e1n <strong>destinados a distintos centros asistenciales y de salud del Partido<\/strong>, entre ellos el <strong>Hospital Municipal \u201cH\u00e9ctor M. Cura\u201d y el Hospital Municipal de Hinojo.<\/strong><\/p>\n\n\n\n<p><\/p>\n\n\n\n<p>La jornada cont\u00f3 con la presencia del secretario de Desarrollo Econ\u00f3mico y Productivo, Jos\u00e9 Pablo Di Uono, la subsecretaria de Administraci\u00f3n del Consejo de Salud, Mar\u00eda Emilia Castro, el Director del Hospital de Hinojo, Roberto Tur, y dem\u00e1s autoridades municipales.<\/p>\n\n\n\n<p><\/p>\n\n\n\n<blockquote class=\"wp-block-quote is-layout-flow wp-block-quote-is-layout-flow\">\n<p>La actividad se suma a las que se llevaron a cabo semanas atr\u00e1s, como por ejemplo la entrega de m\u00e1s de 100 elementos de mobiliario al Consejo Escolar, la elaboraci\u00f3n de 2000 bloques, que en gran parte se utilizaron para dar respuesta a las consecuencias ocasionadas por las grandes tormentas, como as\u00ed tambi\u00e9n la reparaci\u00f3n de veh\u00edculos oficiales, realizaci\u00f3n de cestos de basura para parques, juegos did\u00e1cticos y mobiliario para jardines maternales, entre otros servicios.<\/p>\n<\/blockquote>\n\n\n\n<p><\/p>\n\n\n\n<figure class=\"wp-block-image aligncenter size-full\"><img data-recalc-dims=\"1\" loading=\"lazy\" decoding=\"async\" width=\"800\" height=\"427\" src=\"https:\/\/i0.wp.com\/cdnoticias.com\/wp-content\/uploads\/2025\/04\/entrega-mobiliario-colonia-hinojo1.png?resize=800%2C427&#038;ssl=1\" alt=\"\" class=\"wp-image-168418\" srcset=\"https:\/\/i0.wp.com\/cdnoticias.com\/wp-content\/uploads\/2025\/04\/entrega-mobiliario-colonia-hinojo1.png?w=897&amp;ssl=1 897w, https:\/\/i0.wp.com\/cdnoticias.com\/wp-content\/uploads\/2025\/04\/entrega-mobiliario-colonia-hinojo1.png?resize=300%2C160&amp;ssl=1 300w, https:\/\/i0.wp.com\/cdnoticias.com\/wp-content\/uploads\/2025\/04\/entrega-mobiliario-colonia-hinojo1.png?resize=768%2C410&amp;ssl=1 768w\" sizes=\"auto, (max-width: 800px) 100vw, 800px\" \/><\/figure>\n\n\n\n<p><\/p>\n\n\n\n<p>Se destac\u00f3 que las diversificaciones en distintos servicios productivos permite que <strong>las personas privadas de libertad accedan a aprender distintos oficios, capacitarse en el uso de herramientas <\/strong>y asimilar valores como trabajo en equipo, responsabilidad y disciplina laboral.<\/p>\n\n\n\n<p><\/p>\n\n\n\n<p>Esta iniciativa surge de la firma entre <strong>el intendente Maximiliano Wesner y el ministro de Justicia y Derechos Humanos de la Provincia de Buenos Aires, Juan Martin Mena<\/strong>, en el mes de septiembre de 2024.\u00a0<\/p>\n\n\n\n<p><\/p>\n\n\n\n<blockquote class=\"wp-block-quote is-layout-flow wp-block-quote-is-layout-flow\">\n<p>Desde ese entonces se mantiene constante el trabajo, con los objetivos de contribuir con la comunidad olavarriense y la capacitaci\u00f3n de oficios a las personas privadas de la libertad.<\/p>\n<\/blockquote>\n\n\n\n<p><\/p>\n\n\n\n<p>La coordinaci\u00f3n de los trabajos es llevada adelante por la Secretar\u00eda de Desarrollo Econ\u00f3mico y Productivo del Municipio con las autoridades del Polo Industrial Sierra Chica, encabezadas por el Inspector Mayor Sebasti\u00e1n R. Martin y del Departamento Regional de Cultura Laboral del Servicio Penitenciario, a cargo del Jefe de Departamento Prefecto Mayor Ignacio Pagano Couto.<\/p>\n\n\n\n<p><\/p>\n\n\n\n<figure class=\"wp-block-image aligncenter size-full\"><img data-recalc-dims=\"1\" loading=\"lazy\" decoding=\"async\" width=\"800\" height=\"454\" src=\"https:\/\/i0.wp.com\/cdnoticias.com\/wp-content\/uploads\/2025\/04\/entrega-mobiliario-colonia-hinojo2.png?resize=800%2C454&#038;ssl=1\" alt=\"\" class=\"wp-image-168417\" srcset=\"https:\/\/i0.wp.com\/cdnoticias.com\/wp-content\/uploads\/2025\/04\/entrega-mobiliario-colonia-hinojo2.png?w=894&amp;ssl=1 894w, https:\/\/i0.wp.com\/cdnoticias.com\/wp-content\/uploads\/2025\/04\/entrega-mobiliario-colonia-hinojo2.png?resize=300%2C170&amp;ssl=1 300w, https:\/\/i0.wp.com\/cdnoticias.com\/wp-content\/uploads\/2025\/04\/entrega-mobiliario-colonia-hinojo2.png?resize=768%2C436&amp;ssl=1 768w\" sizes=\"auto, (max-width: 800px) 100vw, 800px\" \/><\/figure>\n\n\n\n<p><\/p>\n","protected":false},"excerpt":{"rendered":"<p>Las camas articuladas, camillas y sillones ser\u00e1n destinados al Hospital Municipal \u201cH\u00e9ctor M. Cura\u201d y el Hospital Municipal de Hinojo,<\/p>\n","protected":false},"author":6,"featured_media":168419,"comment_status":"closed","ping_status":"closed","sticky":false,"template":"","format":"standard","meta":{"_jetpack_memberships_contains_paid_content":false,"footnotes":""},"categories":[5,1],"tags":[],"class_list":["post-168416","post","type-post","status-publish","format-standard","has-post-thumbnail","hentry","category-informacion-general","category-portada"],"jetpack_featured_media_url":"https:\/\/i0.wp.com\/cdnoticias.com\/wp-content\/uploads\/2025\/04\/entrega-mobiliario-colonia-hinojo.png?fit=889%2C490&ssl=1","jetpack_sharing_enabled":true,"_links":{"self":[{"href":"https:\/\/cdnoticias.com\/index.php\/wp-json\/wp\/v2\/posts\/168416","targetHints":{"allow":["GET"]}}],"collection":[{"href":"https:\/\/cdnoticias.com\/index.php\/wp-json\/wp\/v2\/posts"}],"about":[{"href":"https:\/\/cdnoticias.com\/index.php\/wp-json\/wp\/v2\/types\/post"}],"author":[{"embeddable":true,"href":"https:\/\/cdnoticias.com\/index.php\/wp-json\/wp\/v2\/users\/6"}],"replies":[{"embeddable":true,"href":"https:\/\/cdnoticias.com\/index.php\/wp-json\/wp\/v2\/comments?post=168416"}],"version-history":[{"count":0,"href":"https:\/\/cdnoticias.com\/index.php\/wp-json\/wp\/v2\/posts\/168416\/revisions"}],"wp:featuredmedia":[{"embeddable":true,"href":"https:\/\/cdnoticias.com\/index.php\/wp-json\/wp\/v2\/media\/168419"}],"wp:attachment":[{"href":"https:\/\/cdnoticias.com\/index.php\/wp-json\/wp\/v2\/media?parent=168416"}],"wp:term":[{"taxonomy":"category","embeddable":true,"href":"https:\/\/cdnoticias.com\/index.php\/wp-json\/wp\/v2\/categories?post=168416"},{"taxonomy":"post_tag","embeddable":true,"href":"https:\/\/cdnoticias.com\/index.php\/wp-json\/wp\/v2\/tags?post=168416"}],"curies":[{"name":"wp","href":"https:\/\/api.w.org\/{rel}","templated":true}]}}