{"id":168354,"date":"2025-04-06T20:47:51","date_gmt":"2025-04-06T23:47:51","guid":{"rendered":"https:\/\/cdnoticias.com\/?p=168354"},"modified":"2025-04-07T09:49:02","modified_gmt":"2025-04-07T12:49:02","slug":"la-mama-de-enzo-marconi-lo-recordo-en-su-cumpleanos-sigo-luchando","status":"publish","type":"post","link":"https:\/\/cdnoticias.com\/index.php\/2025\/04\/06\/la-mama-de-enzo-marconi-lo-recordo-en-su-cumpleanos-sigo-luchando\/","title":{"rendered":"La mam\u00e1 de Enzo Marconi lo record\u00f3 en su cumplea\u00f1os: \u201csigo luchando\u201d"},"content":{"rendered":"<p>Este lunes 7 de abril cumplir\u00eda 20 a\u00f1os, \u201cestar\u00eda recibi\u00e9ndose\u201d dijo Yesica. El acusado del homicidio sigue en prisi\u00f3n y solicit\u00f3 la libertad condicional: \u201cpeleamos para que no se la otorguen\u201d.<!--more--><\/p>\n<hr \/>\n<p><strong>Este lunes 7 de abril Enzo Marconi cumplir\u00eda 20 a\u00f1os<\/strong>. <strong>Su mam\u00e1, Yesica<\/strong>, lo record\u00f3 y destac\u00f3 que <strong>\u201csigo luchando\u201d<\/strong>. Cabe recordar que su hijo<strong> fue asesinado en 9 de febrero del 2020<\/strong> en el interior del monoblock 19 del barrio Jard\u00edn. El caso lleg\u00f3 a juicio en 2021 y <a href=\"https:\/\/cdnoticias.com\/index.php\/2021\/10\/12\/caso-enzo-marconi-condena-de-cuatro-anos-de-prision\/\" target=\"_blank\" rel=\"noopener\">hubo condena para el imputado<\/a>.<\/p>\n<blockquote><p>A cinco a\u00f1os del crimen Yesica le dijo a <strong>Central de Noticias<\/strong>: \u201ces su cumplea\u00f1os, estar\u00eda recibi\u00e9ndose y sigo luchando por la causa de que su asesino solicit\u00f3 la libertad condicional\u201d.<\/p><\/blockquote>\n<p>La <strong>condena<\/strong> emitida <a href=\"https:\/\/cdnoticias.com\/index.php\/2021\/10\/12\/boludo-me-pegaste-que-dice-la-sentencia-del-juicio-por-enzo-marconi\/\" target=\"_blank\" rel=\"noopener\">por el Juzgado Correccional de Olavarr\u00eda en octubre de 2021<\/a> fue de <strong>cuatro a\u00f1os de efectivo cumplimiento para Sebasti\u00e1n S\u00e1nchez<\/strong>. Fue hallado culpable por<em> \u201chomicidio culposo en concurso ideal con portaci\u00f3n de arma de fuego de uso civil sin la debida autorizaci\u00f3n legal\u201d<\/em>. No obstante, hubo apelaciones de ambas partes, que no prosperaron, con lo que <a href=\"https:\/\/cdnoticias.com\/index.php\/2022\/07\/05\/fue-detenido-el-acusado-del-asesinato-de-enzo-marconi\/\" target=\"_blank\" rel=\"noopener\">la detenci\u00f3n se hizo efectiva el 5 de julio de 2022<\/a>.<\/p>\n<p>Yesica remarc\u00f3 que<strong> se opone a que S\u00e1nchez acceda a la libertad condicional<\/strong>. <em>\u201cObviamente con mi abogado peleamos para que no se la otorguen. Estamos al tanto de su mal comportamiento en el penal, con violencia\u201d<\/em> sostuvo.<\/p>\n","protected":false},"excerpt":{"rendered":"<p>Este lunes 7 de abril cumplir\u00eda 20 a\u00f1os, \u201cestar\u00eda recibi\u00e9ndose\u201d dijo Yesica. El acusado del homicidio sigue en prisi\u00f3n y<\/p>\n","protected":false},"author":4,"featured_media":168353,"comment_status":"closed","ping_status":"closed","sticky":false,"template":"","format":"standard","meta":{"_jetpack_memberships_contains_paid_content":false,"footnotes":""},"categories":[14,1],"tags":[],"class_list":["post-168354","post","type-post","status-publish","format-standard","has-post-thumbnail","hentry","category-policiales","category-portada"],"jetpack_featured_media_url":"https:\/\/i0.wp.com\/cdnoticias.com\/wp-content\/uploads\/2025\/04\/enzo-marconi-00.jpg?fit=800%2C445&ssl=1","jetpack_sharing_enabled":true,"_links":{"self":[{"href":"https:\/\/cdnoticias.com\/index.php\/wp-json\/wp\/v2\/posts\/168354","targetHints":{"allow":["GET"]}}],"collection":[{"href":"https:\/\/cdnoticias.com\/index.php\/wp-json\/wp\/v2\/posts"}],"about":[{"href":"https:\/\/cdnoticias.com\/index.php\/wp-json\/wp\/v2\/types\/post"}],"author":[{"embeddable":true,"href":"https:\/\/cdnoticias.com\/index.php\/wp-json\/wp\/v2\/users\/4"}],"replies":[{"embeddable":true,"href":"https:\/\/cdnoticias.com\/index.php\/wp-json\/wp\/v2\/comments?post=168354"}],"version-history":[{"count":0,"href":"https:\/\/cdnoticias.com\/index.php\/wp-json\/wp\/v2\/posts\/168354\/revisions"}],"wp:featuredmedia":[{"embeddable":true,"href":"https:\/\/cdnoticias.com\/index.php\/wp-json\/wp\/v2\/media\/168353"}],"wp:attachment":[{"href":"https:\/\/cdnoticias.com\/index.php\/wp-json\/wp\/v2\/media?parent=168354"}],"wp:term":[{"taxonomy":"category","embeddable":true,"href":"https:\/\/cdnoticias.com\/index.php\/wp-json\/wp\/v2\/categories?post=168354"},{"taxonomy":"post_tag","embeddable":true,"href":"https:\/\/cdnoticias.com\/index.php\/wp-json\/wp\/v2\/tags?post=168354"}],"curies":[{"name":"wp","href":"https:\/\/api.w.org\/{rel}","templated":true}]}}