{"id":168330,"date":"2025-04-06T13:32:23","date_gmt":"2025-04-06T16:32:23","guid":{"rendered":"https:\/\/cdnoticias.com\/?p=168330"},"modified":"2025-04-06T20:48:16","modified_gmt":"2025-04-06T23:48:16","slug":"un-hombre-que-tenia-pedido-de-captura-activa-fue-detenido","status":"publish","type":"post","link":"https:\/\/cdnoticias.com\/index.php\/2025\/04\/06\/un-hombre-que-tenia-pedido-de-captura-activa-fue-detenido\/","title":{"rendered":"Un hombre que ten\u00eda pedido de captura activa fue detenido\u00a0"},"content":{"rendered":"\n<p>El hecho ocurri\u00f3 este s\u00e1bado en avenida Col\u00f3n y Saavedra.&nbsp;<\/p>\n\n\n\n<hr class=\"wp-block-separator aligncenter has-alpha-channel-opacity\"\/>\n\n\n\n<p>Este s\u00e1bado, Comando de Patrullas Olavarr\u00eda<strong> detuvo a un hombre que ten\u00eda pedido de captura activa<\/strong>.<\/p>\n\n\n\n<p><\/p>\n\n\n\n<p>El hecho se dio en <strong>avenida Col\u00f3n y Saavedra <\/strong>a ra\u00edz de un llamado al 911 cuando personal policial identific\u00f3 al hombre que ten\u00eda una car\u00e1tula titulada <strong><em>\u201cLesiones Agravadas ART 89-Violacion de domicilio-Desobediencia\u201d.<\/em><\/strong><\/p>\n\n\n\n<p><\/p>\n\n\n\n<blockquote class=\"wp-block-quote is-layout-flow wp-block-quote-is-layout-flow\">\n<p>El hombre de 41 a\u00f1os fue identificado como Gorschin Francisco Iv\u00e1n y fue trasladado a Comisar\u00eda Primera.\u00a0 <\/p>\n<\/blockquote>\n\n\n\n<p><\/p>\n\n\n\n<p>Asimismo, interviene en e caso el Juzgado de Garant\u00edas N\u00b0 2 de Olavarr\u00eda.<\/p>\n","protected":false},"excerpt":{"rendered":"<p>El hecho ocurri\u00f3 este s\u00e1bado en avenida Col\u00f3n y Saavedra.&nbsp; Este s\u00e1bado, Comando de Patrullas Olavarr\u00eda detuvo a un hombre<\/p>\n","protected":false},"author":6,"featured_media":168331,"comment_status":"closed","ping_status":"closed","sticky":false,"template":"","format":"standard","meta":{"_jetpack_memberships_contains_paid_content":false,"footnotes":""},"categories":[14,1],"tags":[],"class_list":["post-168330","post","type-post","status-publish","format-standard","has-post-thumbnail","hentry","category-policiales","category-portada"],"jetpack_featured_media_url":"https:\/\/i0.wp.com\/cdnoticias.com\/wp-content\/uploads\/2025\/04\/detenido-captura-activa-.png?fit=900%2C443&ssl=1","jetpack_sharing_enabled":true,"_links":{"self":[{"href":"https:\/\/cdnoticias.com\/index.php\/wp-json\/wp\/v2\/posts\/168330","targetHints":{"allow":["GET"]}}],"collection":[{"href":"https:\/\/cdnoticias.com\/index.php\/wp-json\/wp\/v2\/posts"}],"about":[{"href":"https:\/\/cdnoticias.com\/index.php\/wp-json\/wp\/v2\/types\/post"}],"author":[{"embeddable":true,"href":"https:\/\/cdnoticias.com\/index.php\/wp-json\/wp\/v2\/users\/6"}],"replies":[{"embeddable":true,"href":"https:\/\/cdnoticias.com\/index.php\/wp-json\/wp\/v2\/comments?post=168330"}],"version-history":[{"count":0,"href":"https:\/\/cdnoticias.com\/index.php\/wp-json\/wp\/v2\/posts\/168330\/revisions"}],"wp:featuredmedia":[{"embeddable":true,"href":"https:\/\/cdnoticias.com\/index.php\/wp-json\/wp\/v2\/media\/168331"}],"wp:attachment":[{"href":"https:\/\/cdnoticias.com\/index.php\/wp-json\/wp\/v2\/media?parent=168330"}],"wp:term":[{"taxonomy":"category","embeddable":true,"href":"https:\/\/cdnoticias.com\/index.php\/wp-json\/wp\/v2\/categories?post=168330"},{"taxonomy":"post_tag","embeddable":true,"href":"https:\/\/cdnoticias.com\/index.php\/wp-json\/wp\/v2\/tags?post=168330"}],"curies":[{"name":"wp","href":"https:\/\/api.w.org\/{rel}","templated":true}]}}