{"id":168308,"date":"2025-04-06T18:09:02","date_gmt":"2025-04-06T21:09:02","guid":{"rendered":"https:\/\/cdnoticias.com\/?p=168308"},"modified":"2025-04-06T18:09:04","modified_gmt":"2025-04-06T21:09:04","slug":"primera-salida-de-aventura-con-historia-en-sierras-bayas","status":"publish","type":"post","link":"https:\/\/cdnoticias.com\/index.php\/2025\/04\/06\/primera-salida-de-aventura-con-historia-en-sierras-bayas\/","title":{"rendered":"Primera salida de \u201cAventura con historia\u201d en Sierras Bayas"},"content":{"rendered":"\n<p>Ser\u00e1 el s\u00e1bado 12 de abril y habr\u00e1 un recorrido por los distintos circuitos tur\u00edsticos de la localidad. Inscripci\u00f3n abierta.\u00a0<\/p>\n\n\n\n<hr class=\"wp-block-separator aligncenter has-alpha-channel-opacity\"\/>\n\n\n\n<p>Se invita a toda la comunidad a participar de la <strong>nueva propuesta <\/strong>de senderismo tur\u00edstico e hist\u00f3rico<strong> &#8220;Aventura con historia\u201d.<\/strong> La primera edici\u00f3n se realizar\u00e1 el <strong>s\u00e1bado 12 de abril con un recorrido que incluye distintos circuitos tur\u00edsticos de la localidad de Sierras Bayas. <\/strong><\/p>\n\n\n\n<p><\/p>\n\n\n\n<p>El <strong>punto de encuentro ser\u00e1 a las 15 horas en la Oficina de Turismo de Sierras Bayas <\/strong>(Terminal de \u00d3mnibus) para salir a las 15:30 horas (puntual). El itinerario tiene una <strong>duraci\u00f3n aproximada de tres horas<\/strong>, con un nivel de dificultad (medio-bajo, ideal para principiantes).<\/p>\n\n\n\n<p><\/p>\n\n\n\n<blockquote class=\"wp-block-quote is-layout-flow wp-block-quote-is-layout-flow\">\n<p>La propuesta invita a recorrer calles hist\u00f3ricas, antiguas caleras, senderos del Cerro Largo, con vistas panor\u00e1micas privilegiadas, que permite descubrir la belleza y el encanto de una zona donde la magia, la aventura, el deporte, la cultura y la historia se unen.<\/p>\n<\/blockquote>\n\n\n\n<p><\/p>\n\n\n\n<p>\u201cAventura con historia\u201d tiene por finalidad <strong>poner en valor los circuitos tur\u00edsticos de Olavarr\u00eda y las localidades, <\/strong>recorrer sitios de una belleza incomparable con inter\u00e9s hist\u00f3rico, geogr\u00e1fico, social y biol\u00f3gico.<\/p>\n\n\n\n<p><\/p>\n\n\n\n<p>El programa permite a los propios olavarrienses que <strong>conozcan mejor su ciudad y localidades<\/strong> para valorar sus atractivos tur\u00edsticos y que los visitantes puedan disfrutar, descubrir e identificarse recorriendo diversos itinerarios que contemplan sierras, cerros y caminos costeros (arroyos).<\/p>\n\n\n\n<p><\/p>\n\n\n\n<p>La jornada del pr\u00f3ximo fin de semana<strong> incluir\u00e1 distintos puntos del Circuito Aventura y Circuito Hist\u00f3rico, <\/strong>seg\u00fan indicaron desde la Coordinaci\u00f3n de Turismo Municipal.<\/p>\n\n\n\n<p><\/p>\n\n\n\n<blockquote class=\"wp-block-quote is-layout-flow wp-block-quote-is-layout-flow\">\n<p>Entre las recomendaciones para disfrutar de la&nbsp; jornada se aconseja llevar: pantal\u00f3n largo y calzado c\u00f3modo y mochila con una botellita de agua y equipo de mate.<\/p>\n<\/blockquote>\n\n\n\n<p><\/p>\n\n\n\n<p>Aquellas personas interesadas en participar podr\u00e1n hacerlo completando el <a href=\"https:\/\/docs.google.com\/forms\/d\/1BAYYFB_jyaE8vVFdqruwQVvhzo4H8-CmnHdA2d7kerQ\/edit?ts=67efc989&amp;pli=1\" target=\"_blank\" rel=\"noreferrer noopener\">siguiente formulario<\/a>.&nbsp;Tambi\u00e9n podr\u00e1n<strong> inscribirse de manera presencial,<\/strong> de lunes a viernes de 8 a 13 horas en la Oficina de Turismo, ubicada en el Centro Cultural Municipal \u00abSan Jos\u00e9\u00bb (Riobamba 2949), y en la Oficina de Informaci\u00f3n Tur\u00edstica de Sierras Bayas \u2013 Terminal de \u00d3mnibus (Rivadavia casi Colombo).<\/p>\n\n\n\n<p><\/p>\n","protected":false},"excerpt":{"rendered":"<p>Ser\u00e1 el s\u00e1bado 12 de abril y habr\u00e1 un recorrido por los distintos circuitos tur\u00edsticos de la localidad. Inscripci\u00f3n abierta.\u00a0<\/p>\n","protected":false},"author":6,"featured_media":168309,"comment_status":"closed","ping_status":"closed","sticky":false,"template":"","format":"standard","meta":{"_jetpack_memberships_contains_paid_content":false,"footnotes":""},"categories":[9,1],"tags":[],"class_list":["post-168308","post","type-post","status-publish","format-standard","has-post-thumbnail","hentry","category-cultura","category-portada"],"jetpack_featured_media_url":"https:\/\/i0.wp.com\/cdnoticias.com\/wp-content\/uploads\/2025\/04\/salidas-turismo-olavarria.png?fit=870%2C494&ssl=1","jetpack_sharing_enabled":true,"_links":{"self":[{"href":"https:\/\/cdnoticias.com\/index.php\/wp-json\/wp\/v2\/posts\/168308","targetHints":{"allow":["GET"]}}],"collection":[{"href":"https:\/\/cdnoticias.com\/index.php\/wp-json\/wp\/v2\/posts"}],"about":[{"href":"https:\/\/cdnoticias.com\/index.php\/wp-json\/wp\/v2\/types\/post"}],"author":[{"embeddable":true,"href":"https:\/\/cdnoticias.com\/index.php\/wp-json\/wp\/v2\/users\/6"}],"replies":[{"embeddable":true,"href":"https:\/\/cdnoticias.com\/index.php\/wp-json\/wp\/v2\/comments?post=168308"}],"version-history":[{"count":0,"href":"https:\/\/cdnoticias.com\/index.php\/wp-json\/wp\/v2\/posts\/168308\/revisions"}],"wp:featuredmedia":[{"embeddable":true,"href":"https:\/\/cdnoticias.com\/index.php\/wp-json\/wp\/v2\/media\/168309"}],"wp:attachment":[{"href":"https:\/\/cdnoticias.com\/index.php\/wp-json\/wp\/v2\/media?parent=168308"}],"wp:term":[{"taxonomy":"category","embeddable":true,"href":"https:\/\/cdnoticias.com\/index.php\/wp-json\/wp\/v2\/categories?post=168308"},{"taxonomy":"post_tag","embeddable":true,"href":"https:\/\/cdnoticias.com\/index.php\/wp-json\/wp\/v2\/tags?post=168308"}],"curies":[{"name":"wp","href":"https:\/\/api.w.org\/{rel}","templated":true}]}}