{"id":16830,"date":"2021-03-22T11:15:04","date_gmt":"2021-03-22T14:15:04","guid":{"rendered":"http:\/\/www.centraldenoticias.com.ar\/?p=16830"},"modified":"2021-03-22T11:15:04","modified_gmt":"2021-03-22T14:15:04","slug":"programa-rta-habra-dos-jornadas-en-el-paseo-de-la-salud","status":"publish","type":"post","link":"https:\/\/cdnoticias.com\/index.php\/2021\/03\/22\/programa-rta-habra-dos-jornadas-en-el-paseo-de-la-salud\/","title":{"rendered":"Programa RTA: habr\u00e1 dos jornadas en el Paseo de la Salud"},"content":{"rendered":"<p>Ser\u00e1 tanto el martes como el pr\u00f3ximo jueves desde las 10 de la ma\u00f1ana en Belgrano y Brown.\u00a0<!--more--><\/p>\n<hr \/>\n<p>La Secretar\u00eda de Salud municipal inform\u00f3 que tanto <strong>este martes como el jueves pr\u00f3ximo se realizar\u00e1n testeos del Programa RTA en el Paseo de la Salud, ubicado en Belgrano y Brown.<\/strong><\/p>\n<p>&nbsp;<\/p>\n<blockquote><p>En las dos jornadas todo comenzar\u00e1 desde las 10 de la ma\u00f1ana.<\/p><\/blockquote>\n<p>&nbsp;<\/p>\n<p><strong>Teniendo en cuenta que pertenecen al Programa RTA, deber\u00e1n asistir quienes presenten s\u00edntomas compatibles con Covid-19<\/strong>, como tos, dolor de garganta, falta de olfato, falta de gusto, mialgias, cefalea, fiebre mayor a 37.5\u00b0, falta de aire y m\u00e1s de 48 horas de diarrea.<\/p>\n<p>&nbsp;<\/p>\n<p>En paralelo,<strong> continuar\u00e1n los testeos habituales que se realizan en el m\u00f3dulo del Hospital Municipal<\/strong>: 7 horas PCR, 8 horas RTA y 9:30 horas RTA pedi\u00e1trico.<\/p>\n","protected":false},"excerpt":{"rendered":"<p>Ser\u00e1 tanto el martes como el pr\u00f3ximo jueves desde las 10 de la ma\u00f1ana en Belgrano y Brown.\u00a0<\/p>\n","protected":false},"author":2,"featured_media":14414,"comment_status":"closed","ping_status":"closed","sticky":false,"template":"","format":"standard","meta":{"_jetpack_memberships_contains_paid_content":false,"footnotes":""},"categories":[5,1],"tags":[],"class_list":["post-16830","post","type-post","status-publish","format-standard","has-post-thumbnail","hentry","category-informacion-general","category-portada"],"jetpack_featured_media_url":"https:\/\/i0.wp.com\/cdnoticias.com\/wp-content\/uploads\/2021\/02\/RTA-Salud-Rta-Paseo-Salud.jpg?fit=1968%2C1312&ssl=1","jetpack_sharing_enabled":true,"_links":{"self":[{"href":"https:\/\/cdnoticias.com\/index.php\/wp-json\/wp\/v2\/posts\/16830","targetHints":{"allow":["GET"]}}],"collection":[{"href":"https:\/\/cdnoticias.com\/index.php\/wp-json\/wp\/v2\/posts"}],"about":[{"href":"https:\/\/cdnoticias.com\/index.php\/wp-json\/wp\/v2\/types\/post"}],"author":[{"embeddable":true,"href":"https:\/\/cdnoticias.com\/index.php\/wp-json\/wp\/v2\/users\/2"}],"replies":[{"embeddable":true,"href":"https:\/\/cdnoticias.com\/index.php\/wp-json\/wp\/v2\/comments?post=16830"}],"version-history":[{"count":0,"href":"https:\/\/cdnoticias.com\/index.php\/wp-json\/wp\/v2\/posts\/16830\/revisions"}],"wp:featuredmedia":[{"embeddable":true,"href":"https:\/\/cdnoticias.com\/index.php\/wp-json\/wp\/v2\/media\/14414"}],"wp:attachment":[{"href":"https:\/\/cdnoticias.com\/index.php\/wp-json\/wp\/v2\/media?parent=16830"}],"wp:term":[{"taxonomy":"category","embeddable":true,"href":"https:\/\/cdnoticias.com\/index.php\/wp-json\/wp\/v2\/categories?post=16830"},{"taxonomy":"post_tag","embeddable":true,"href":"https:\/\/cdnoticias.com\/index.php\/wp-json\/wp\/v2\/tags?post=16830"}],"curies":[{"name":"wp","href":"https:\/\/api.w.org\/{rel}","templated":true}]}}