{"id":168296,"date":"2025-04-05T20:30:52","date_gmt":"2025-04-05T23:30:52","guid":{"rendered":"https:\/\/cdnoticias.com\/?p=168296"},"modified":"2025-04-06T10:34:50","modified_gmt":"2025-04-06T13:34:50","slug":"comienza-la-semana-nacional-de-la-ciencia-en-el-complejo-universitario","status":"publish","type":"post","link":"https:\/\/cdnoticias.com\/index.php\/2025\/04\/05\/comienza-la-semana-nacional-de-la-ciencia-en-el-complejo-universitario\/","title":{"rendered":"Comienza la Semana Nacional de la Ciencia en el Complejo Universitario"},"content":{"rendered":"\n<p>Ser\u00e1 entre el 7 y el 12 de abril con el objetivo de destacar la producci\u00f3n del conocimiento que se genera en las universidades y en otros centros de referencia cient\u00edfico-tecnol\u00f3gica.<\/p>\n\n\n\n<hr class=\"wp-block-separator aligncenter has-alpha-channel-opacity\"\/>\n\n\n\n<p>La<strong> Semana Nacional de la Ciencia <\/strong>es una propuesta impulsada por el Consejo Interuniversitario Nacional (CIN) que <strong>se desarrollar\u00e1 en todas las universidades de nuestro pa\u00eds, <\/strong>entre ellas la Universidad Nacional del Centro de la Provincia de Buenos Aires (UNICEN).<\/p>\n\n\n\n<p><\/p>\n\n\n\n<p>El objetivo de esta edici\u00f3n es, por un lado, <strong>destacar la producci\u00f3n del conocimiento que se genera en las universidades <\/strong>y en otros centros de referencia cient\u00edfico-tecnol\u00f3gica y, por otro<strong>, visibilizar la situaci\u00f3n cr\u00edtica que atraviesa el sistema cient\u00edfico,<\/strong> reafirmando la importancia de su desarrollo, fortalecimiento y continuidad.<\/p>\n\n\n\n<p><\/p>\n\n\n\n<p>Asimismo, se propone potenciar un di\u00e1logo amplio sobre el<strong> presente y el futuro de la ciencia argentina,<\/strong> al tiempo que se convoca a la acci\u00f3n para fomentar la colaboraci\u00f3n activa de la sociedad en <strong>proyectos de investigaci\u00f3n.<\/strong> De este modo se permite a la ciudadan\u00eda contribuir y beneficiarse del conocimiento generado y fortalecer el v\u00ednculo entre ciencia y comunidad.<\/p>\n\n\n\n<p><\/p>\n\n\n\n<blockquote class=\"wp-block-quote is-layout-flow wp-block-quote-is-layout-flow\">\n<p>En nuestra ciudad se llevar\u00e1 adelante una agenda de actividades entre el 7 y el 11 de abril coordinada entre las unidades acad\u00e9micas de la sede de la UNICEN: la Facultad de Ciencias Sociales, la Facultad de Ciencias de la Salud y la Facultad de Ingenier\u00eda, en conjunto con la Secretar\u00eda de Ciencia, Arte y Tecnolog\u00eda de la UNICEN.<\/p>\n<\/blockquote>\n\n\n\n<p><\/p>\n\n\n\n<p>La jornada principal se realizar\u00e1 el <strong>martes 8 de abril entre las 10 y las 14 horas en el SUM del Edificio de Aulas Comunes del Complejo Universitario<\/strong>, ubicado en avenida Del Valle 5737.<\/p>\n\n\n\n<p><\/p>\n\n\n\n<blockquote class=\"wp-block-quote is-layout-flow wp-block-quote-is-layout-flow\">\n<p>All\u00ed se presentar\u00e1n las diferentes l\u00edneas, grupos y producciones de los distintos n\u00facleos de investigaci\u00f3n de las tres unidades acad\u00e9micas, para lo que se invita a escuelas primarias, secundarias y p\u00fablico en general a participar de las distintas propuestas.<\/p>\n<\/blockquote>\n\n\n\n<p><\/p>\n\n\n\n<p>Durante la jornada se desarrollar\u00e1n<strong> propuestas destinadas a ni\u00f1os\/as de jardines maternales y nivel inicial<\/strong>, que llevar\u00e1n a cabo investigadores\/as y extensionistas: taller \u201cPeque\u00f1os Doctores\u201d, Mini Cient\u00edficos y taller de Arqueolog\u00eda.<\/p>\n\n\n\n<p><\/p>\n\n\n\n<p>A la par, se desarrollar\u00e1n las siguientes propuestas destinadas a p\u00fablico en general: <strong>taller de RCP, presentaci\u00f3n de la edici\u00f3n N\u00b0 3 de la Revista CUIDARAS y &#8220;Mi experiencia investigando&#8221; de Ciencias de la Salud, as\u00ed como una propuesta experimental de FIO.<\/strong><\/p>\n\n\n\n<p><\/p>\n\n\n\n<p class=\"has-medium-font-size\"><strong>Cronograma completo en detalle <\/strong><\/p>\n\n\n\n<ul class=\"wp-block-list\">\n<li>Taller en el Laboratorio de Qu\u00edmica. Martes 8 de abril. De 9:00 a 10:30 y de 10:30 a 12:00 horas. Lugar: Laboratorio de Qu\u00edmica Edificio Central &#8211; FIO.<\/li>\n<\/ul>\n\n\n\n<ul class=\"wp-block-list\">\n<li>Taller de lavado de manos. Martes 8 de abril, 10:30 horas. Lugar: Escuela Primaria N\u00b0 59. Destinado a: estudiantes de 6\u00b0 a\u00f1o de la instituci\u00f3n educativa.<\/li>\n<\/ul>\n\n\n\n<ul class=\"wp-block-list\">\n<li>Charla \u201cMateriales y compuestos inorg\u00e1nicos: ven\u00ed a conocernos y te contamos qu\u00e9 investigamos\u201d. Martes 8 de abril. Lugar y horario: a confirmar. Destinado a p\u00fablico en general.<\/li>\n<\/ul>\n\n\n\n<ul class=\"wp-block-list\">\n<li>Charla \u201cDiscusi\u00f3n sobre los resultados obtenidos en investigaciones sobre el futuro energ\u00e9tico argentino, el modelado de diferentes escenarios, la transici\u00f3n energ\u00e9tica y el an\u00e1lisis integral de sus impactos\u201d. Martes 8 de abril, 14:00 horas. Lugar: a confirmar. Destinado a: estudiantes de la UNICEN y p\u00fablico interesado.<\/li>\n<\/ul>\n\n\n\n<ul class=\"wp-block-list\">\n<li>Charla \u201cQu\u00e9 se investiga en la Facultad de Ciencias de la Salud?: HIV y sistema cardiovascular, \u00bfEl consumo de yerba mate puede prevenir la diabetes?, \u00bfC\u00f3mo y por qu\u00e9 investigar en salud?\u201d. Martes 8 de abril, 17 horas. Lugar: Aula 7, Facultad de Ciencias de la Salud. Destinado a estudiantes de ciencias de la salud.<\/li>\n<\/ul>\n\n\n\n<ul class=\"wp-block-list\">\n<li>Charla \u201cComunicaci\u00f3n y ciencias sociales, debates y problemas actuales\u201d. Mi\u00e9rcoles 9 de abril, 15:30 horas. Lugar: Aula C3, Edificio de Aulas Comunes. Destinada a estudiantes y docentes de comunicaci\u00f3n y periodismo, y p\u00fablico en general.<\/li>\n<\/ul>\n\n\n\n<ul class=\"wp-block-list\">\n<li>Charla \u201cInvestigar en\/desde\/sobre la c\u00e1rcel. \u00bfLos\/as estudiantes hacen investigaci\u00f3n?\u201d. Mi\u00e9rcoles 9 de abril, 16:00 horas. Lugar: Aula 3 de la FACSO. Destinada a estudiantes universitarios\/as y p\u00fablico en general.<\/li>\n<\/ul>\n\n\n\n<ul class=\"wp-block-list\">\n<li>Presentaci\u00f3n experimental. Lugar: Laboratorio de Ingenier\u00eda Electromec\u00e1nica. D\u00eda y horario a definir. Destinado a p\u00fablico interesado en la tem\u00e1tica.<\/li>\n<\/ul>\n\n\n\n<p><\/p>\n\n\n\n<p>La <strong>Semana Nacional de la Ciencia 2025 <\/strong>en la sede Olavarr\u00eda es coordinada por la Secretar\u00eda de Ciencia, Arte y Tecnolog\u00eda de la Universidad Nacional del Centro de la Provincia de Buenos Aires y las facultades de Ciencias Sociales, Ciencias de la Salud e Ingenier\u00eda.<\/p>\n\n\n\n<p><\/p>\n","protected":false},"excerpt":{"rendered":"<p>Ser\u00e1 entre el 7 y el 12 de abril con el objetivo de destacar la producci\u00f3n del conocimiento que se<\/p>\n","protected":false},"author":6,"featured_media":98176,"comment_status":"closed","ping_status":"closed","sticky":false,"template":"","format":"standard","meta":{"_jetpack_memberships_contains_paid_content":false,"footnotes":""},"categories":[5,1],"tags":[],"class_list":["post-168296","post","type-post","status-publish","format-standard","has-post-thumbnail","hentry","category-informacion-general","category-portada"],"jetpack_featured_media_url":"https:\/\/i0.wp.com\/cdnoticias.com\/wp-content\/uploads\/2023\/10\/semana-ciencias-02.jpg?fit=800%2C445&ssl=1","jetpack_sharing_enabled":true,"_links":{"self":[{"href":"https:\/\/cdnoticias.com\/index.php\/wp-json\/wp\/v2\/posts\/168296","targetHints":{"allow":["GET"]}}],"collection":[{"href":"https:\/\/cdnoticias.com\/index.php\/wp-json\/wp\/v2\/posts"}],"about":[{"href":"https:\/\/cdnoticias.com\/index.php\/wp-json\/wp\/v2\/types\/post"}],"author":[{"embeddable":true,"href":"https:\/\/cdnoticias.com\/index.php\/wp-json\/wp\/v2\/users\/6"}],"replies":[{"embeddable":true,"href":"https:\/\/cdnoticias.com\/index.php\/wp-json\/wp\/v2\/comments?post=168296"}],"version-history":[{"count":0,"href":"https:\/\/cdnoticias.com\/index.php\/wp-json\/wp\/v2\/posts\/168296\/revisions"}],"wp:featuredmedia":[{"embeddable":true,"href":"https:\/\/cdnoticias.com\/index.php\/wp-json\/wp\/v2\/media\/98176"}],"wp:attachment":[{"href":"https:\/\/cdnoticias.com\/index.php\/wp-json\/wp\/v2\/media?parent=168296"}],"wp:term":[{"taxonomy":"category","embeddable":true,"href":"https:\/\/cdnoticias.com\/index.php\/wp-json\/wp\/v2\/categories?post=168296"},{"taxonomy":"post_tag","embeddable":true,"href":"https:\/\/cdnoticias.com\/index.php\/wp-json\/wp\/v2\/tags?post=168296"}],"curies":[{"name":"wp","href":"https:\/\/api.w.org\/{rel}","templated":true}]}}