{"id":168284,"date":"2025-04-05T17:33:19","date_gmt":"2025-04-05T20:33:19","guid":{"rendered":"https:\/\/cdnoticias.com\/?p=168284"},"modified":"2025-04-06T09:31:53","modified_gmt":"2025-04-06T12:31:53","slug":"la-provincia-presento-el-programa-medicamentos-bonaerenses","status":"publish","type":"post","link":"https:\/\/cdnoticias.com\/index.php\/2025\/04\/05\/la-provincia-presento-el-programa-medicamentos-bonaerenses\/","title":{"rendered":"La Provincia present\u00f3 el programa Medicamentos Bonaerenses"},"content":{"rendered":"<p>Brinda a la poblaci\u00f3n con cobertura p\u00fablica exclusiva el acceso a 74 medicamentos para el tratamiento de enfermedades prevalentes. \u201cEstamos garantizando los remedios que se necesitan de manera imperiosa y urgente\u201d dijo Axel Kicillof.<!--more--><\/p>\n<hr \/>\n<p>El <strong>gobernador de la provincia de Buenos Aires, Axel Kicillof<\/strong>, encabez\u00f3 este viernes junto al <strong>ministro de Salud, Nicol\u00e1s Kreplak<\/strong>, la presentaci\u00f3n del <strong>programa Medicamentos Bonaerenses<\/strong>, que garantiza a la <strong>poblaci\u00f3n con cobertura p\u00fablica exclusiva el acceso a 74 medicamentos para el tratamiento de enfermedades prevalentes<\/strong>. Fue en el Sal\u00f3n Dorado de la Casa de Gobierno, con la participaci\u00f3n del subsecretario de Pol\u00edticas de Cuidados en Salud, Jonatan Konfino.<\/p>\n<p>En ese marco, Kicillof afirm\u00f3: <strong>\u201cEstamos viendo el impacto de la desregulaci\u00f3n que llev\u00f3 adelante el Gobierno nacional<\/strong> en un mercado tan concentrado como el de la salud: los medicamentos aumentaron sus precios mucho m\u00e1s que los salarios, los ingresos y las jubilaciones\u201d. \u201cEl resultado de esa decisi\u00f3n, adem\u00e1s de asegurar enormes negocios para unos pocos, fue <strong>una ca\u00edda del 27% en las compras de medicamentos<\/strong>: estamos frente a una pol\u00edtica sanitaria criminal\u201d, agreg\u00f3.<\/p>\n<p>\u201cEse abandono que estamos viendo en diferentes \u00e1reas es mucho m\u00e1s grave cuando se trata de la salud, donde<strong> el acceso o no a los tratamientos puede definir la vida o la muerte\u201d<\/strong>, sostuvo el Gobernador y a\u00f1adi\u00f3: \u201cNo podemos dejar la pol\u00edtica sanitaria en manos de un mercado que discrimina y excluye: en la provincia estamos garantizando los remedios que se necesitan de manera imperiosa y urgente\u201d.<\/p>\n<blockquote><p>Se inform\u00f3 que el programa permitir\u00e1 centralizar y organizar los recursos con mayor eficiencia, optimizando los procesos de adquisici\u00f3n y distribuci\u00f3n de los suministros que se env\u00edan a todos los centros de salud y hospitales p\u00fablicos provinciales de los 135 municipios. Con una inversi\u00f3n anual de $26.500 millones, los 74 medicamentos son necesarios para la prevenci\u00f3n y el tratamiento de patolog\u00edas cr\u00f3nicas como afecciones cardiovasculares, pulmonares, reum\u00e1ticas, infecciones agudas, autoinmunes, anemia, osteoporosis, Parkinson e hipercolesterolemia, entre otras.<\/p><\/blockquote>\n<p>En tanto, Kreplak remarc\u00f3: \u201cEn los \u00faltimos 15 meses el acceso a un bien social y a un derecho, como son los medicamentos, ha sido da\u00f1ado para gran parte de la poblaci\u00f3n por decisiones del Gobierno nacional: como estamos convencidos de que los problemas de salud deben ser abordados sin excusas, la Provincia lanza con mucho esfuerzo este programa que ampl\u00eda y garantiza el acceso a los medicamentos en todos los municipios bonaerenses\u201d.<\/p>\n<p>Por \u00faltimo, Kicillof sostuvo: <strong>\u201cNo hay deserci\u00f3n del Gobierno nacional que no tengamos vocaci\u00f3n e intenci\u00f3n de cubrir<\/strong> en la medida de nuestras posibilidades: as\u00ed como ellos responden a una ideolog\u00eda cuyo resultado es muy cruel para nuestra sociedad, nosotros en la Provincia respondemos a un mandato que es garantizar el derecho a la salud para todas y todos los bonaerenses\u201d.<\/p>\n<p>Estuvieron presentes la jefa de Asesores del Gobernador, Cristina \u00c1lvarez Rodr\u00edguez; el ministro de Gobierno, Carlos Bianco; el diputado nacional Daniel Goll\u00e1n; funcionarios y funcionarias del Ministerio de Salud provincial.<\/p>\n","protected":false},"excerpt":{"rendered":"<p>Brinda a la poblaci\u00f3n con cobertura p\u00fablica exclusiva el acceso a 74 medicamentos para el tratamiento de enfermedades prevalentes. \u201cEstamos<\/p>\n","protected":false},"author":4,"featured_media":168283,"comment_status":"closed","ping_status":"closed","sticky":false,"template":"","format":"standard","meta":{"_jetpack_memberships_contains_paid_content":false,"footnotes":""},"categories":[6,1],"tags":[],"class_list":["post-168284","post","type-post","status-publish","format-standard","has-post-thumbnail","hentry","category-nacionales","category-portada"],"jetpack_featured_media_url":"https:\/\/i0.wp.com\/cdnoticias.com\/wp-content\/uploads\/2025\/04\/programa-Medicamentos-Bonaerenses-kreplak-kicillof.jpg?fit=1000%2C556&ssl=1","jetpack_sharing_enabled":true,"_links":{"self":[{"href":"https:\/\/cdnoticias.com\/index.php\/wp-json\/wp\/v2\/posts\/168284","targetHints":{"allow":["GET"]}}],"collection":[{"href":"https:\/\/cdnoticias.com\/index.php\/wp-json\/wp\/v2\/posts"}],"about":[{"href":"https:\/\/cdnoticias.com\/index.php\/wp-json\/wp\/v2\/types\/post"}],"author":[{"embeddable":true,"href":"https:\/\/cdnoticias.com\/index.php\/wp-json\/wp\/v2\/users\/4"}],"replies":[{"embeddable":true,"href":"https:\/\/cdnoticias.com\/index.php\/wp-json\/wp\/v2\/comments?post=168284"}],"version-history":[{"count":0,"href":"https:\/\/cdnoticias.com\/index.php\/wp-json\/wp\/v2\/posts\/168284\/revisions"}],"wp:featuredmedia":[{"embeddable":true,"href":"https:\/\/cdnoticias.com\/index.php\/wp-json\/wp\/v2\/media\/168283"}],"wp:attachment":[{"href":"https:\/\/cdnoticias.com\/index.php\/wp-json\/wp\/v2\/media?parent=168284"}],"wp:term":[{"taxonomy":"category","embeddable":true,"href":"https:\/\/cdnoticias.com\/index.php\/wp-json\/wp\/v2\/categories?post=168284"},{"taxonomy":"post_tag","embeddable":true,"href":"https:\/\/cdnoticias.com\/index.php\/wp-json\/wp\/v2\/tags?post=168284"}],"curies":[{"name":"wp","href":"https:\/\/api.w.org\/{rel}","templated":true}]}}