{"id":168281,"date":"2025-04-06T10:34:34","date_gmt":"2025-04-06T13:34:34","guid":{"rendered":"https:\/\/cdnoticias.com\/?p=168281"},"modified":"2025-04-06T13:32:39","modified_gmt":"2025-04-06T16:32:39","slug":"abre-la-inscripcion-para-la-carrera-de-oficiales-del-servicio-penitenciario-bonaerense","status":"publish","type":"post","link":"https:\/\/cdnoticias.com\/index.php\/2025\/04\/06\/abre-la-inscripcion-para-la-carrera-de-oficiales-del-servicio-penitenciario-bonaerense\/","title":{"rendered":"Abre la inscripci\u00f3n para la carrera de oficiales del Servicio Penitenciario Bonaerense"},"content":{"rendered":"<p>La gesti\u00f3n se realiza a trav\u00e9s del sitio www.spb.gba.gov.ar donde se debe completar un formulario de preinscripci\u00f3n de aspirantes.<!--more--><\/p>\n<hr \/>\n<p>El <strong>Servicio Penitenciario Bonaerense (SPB)<\/strong> informa que <strong>desde el lunes 7 de abril y hasta el 16 de mayo<\/strong> se encontrar\u00e1 abierta la <strong>preinscripci\u00f3n para el ingreso 2026 a la carrera de Oficial Penitenciario<\/strong> que se dicta en la Escuela de Cadetes en La Plata. La gesti\u00f3n se realiza a trav\u00e9s del sitio <a href=\"http:\/\/www.spb.gba.gov.ar\/site\/index.php\/\" target=\"_blank\" rel=\"noopener\">www.spb.gba.gov.ar<\/a> donde se debe <strong>completar un formulario de preinscripci\u00f3n de aspirantes a cadetes<\/strong>.<\/p>\n<p>La carrera que <strong>en dos a\u00f1os egresar\u00e1 oficiales de la repartici\u00f3n se denomina Tecnicatura Superior en Gesti\u00f3n Penitenciaria para la Inclusi\u00f3n Social<\/strong>. La oferta educativa se brinda en la Escuela de Cadetes \u201cInspector General Baltasar A. Iramain\u201d (Instituto Superior de Formaci\u00f3n T\u00e9cnica N\u00ba 6001) ubicada en 44 N\u00b0 2000 de la ciudad de La Plata.<\/p>\n<p>Los y las egresadas obtendr\u00e1n una<strong> salida laboral segura e inmediata<\/strong> en el propio \u00e1mbito del SPB, donde ostentar\u00e1n la jerarqu\u00eda de Oficial Adjutor del Escalaf\u00f3n General y el t\u00edtulo de T\u00e9cnico Superior, emitido por el Ministerio de Justicia y Derechos Humanos de la provincia de Buenos Aires a cargo de Juan Mart\u00edn Mena, avalado por la Direcci\u00f3n General de Cultura y Educaci\u00f3n y que cuenta con el respaldo del gobernador Axel Kicillof.<\/p>\n<p>Luego de la preinscripci\u00f3n v\u00eda web, la<strong> entrega de documentaci\u00f3n<\/strong> para formalizar la inscripci\u00f3n ser\u00e1 en el plazo comprendido <strong>desde el 19 de mayo<\/strong> y con fecha l\u00edmite el 13 de junio del 2025, personalmente en el instituto de formaci\u00f3n.<\/p>\n<h3>Requisitos de inscripci\u00f3n<\/h3>\n<p>S\u00f3lo ser\u00e1n admitidas en calidad de postulantes para el ingreso 2026 en la Escuela de Cadetes del SPB aquellas personas que re\u00fanan los siguientes requisitos: haber nacido entre el 6 de abril de 2002 y el 31 de diciembre de 2008; tener nacionalidad argentina, nativa o por opci\u00f3n; tener certificaci\u00f3n de estudios secundarios completos; no poseer antecedentes penales y entregar en t\u00e9rmino solicitud y documentaci\u00f3n administrativa completa.<\/p>\n<h3>Proceso de selecci\u00f3n<\/h3>\n<p>El proceso de selecci\u00f3n consistir\u00e1 en la administraci\u00f3n de las siguientes pruebas siendo eliminatorias cada instancia: Examen de Conocimientos Generales y Examen Psicot\u00e9cnico, Examen de Salud, Examen de Aptitud F\u00edsica y una Entrevista Personal con referentes institucionales.<\/p>\n<p>Los contenidos generales y bibliograf\u00eda sugerida para ex\u00e1menes se encuentran disponibles para su descarga en la p\u00e1gina web del Servicio Penitenciario Bonaerense junto al formulario de inscripci\u00f3n.<\/p>\n<p>Fuente: <em>Agencia DIB<\/em><\/p>\n","protected":false},"excerpt":{"rendered":"<p>La gesti\u00f3n se realiza a trav\u00e9s del sitio www.spb.gba.gov.ar donde se debe completar un formulario de preinscripci\u00f3n de aspirantes.<\/p>\n","protected":false},"author":4,"featured_media":132488,"comment_status":"closed","ping_status":"closed","sticky":false,"template":"","format":"standard","meta":{"_jetpack_memberships_contains_paid_content":false,"footnotes":""},"categories":[5,1],"tags":[],"class_list":["post-168281","post","type-post","status-publish","format-standard","has-post-thumbnail","hentry","category-informacion-general","category-portada"],"jetpack_featured_media_url":"https:\/\/i0.wp.com\/cdnoticias.com\/wp-content\/uploads\/2024\/12\/penitenciarias-SPB.jpg?fit=800%2C444&ssl=1","jetpack_sharing_enabled":true,"_links":{"self":[{"href":"https:\/\/cdnoticias.com\/index.php\/wp-json\/wp\/v2\/posts\/168281","targetHints":{"allow":["GET"]}}],"collection":[{"href":"https:\/\/cdnoticias.com\/index.php\/wp-json\/wp\/v2\/posts"}],"about":[{"href":"https:\/\/cdnoticias.com\/index.php\/wp-json\/wp\/v2\/types\/post"}],"author":[{"embeddable":true,"href":"https:\/\/cdnoticias.com\/index.php\/wp-json\/wp\/v2\/users\/4"}],"replies":[{"embeddable":true,"href":"https:\/\/cdnoticias.com\/index.php\/wp-json\/wp\/v2\/comments?post=168281"}],"version-history":[{"count":0,"href":"https:\/\/cdnoticias.com\/index.php\/wp-json\/wp\/v2\/posts\/168281\/revisions"}],"wp:featuredmedia":[{"embeddable":true,"href":"https:\/\/cdnoticias.com\/index.php\/wp-json\/wp\/v2\/media\/132488"}],"wp:attachment":[{"href":"https:\/\/cdnoticias.com\/index.php\/wp-json\/wp\/v2\/media?parent=168281"}],"wp:term":[{"taxonomy":"category","embeddable":true,"href":"https:\/\/cdnoticias.com\/index.php\/wp-json\/wp\/v2\/categories?post=168281"},{"taxonomy":"post_tag","embeddable":true,"href":"https:\/\/cdnoticias.com\/index.php\/wp-json\/wp\/v2\/tags?post=168281"}],"curies":[{"name":"wp","href":"https:\/\/api.w.org\/{rel}","templated":true}]}}