{"id":168272,"date":"2025-04-05T10:55:04","date_gmt":"2025-04-05T13:55:04","guid":{"rendered":"https:\/\/cdnoticias.com\/?p=168272"},"modified":"2025-04-05T10:55:06","modified_gmt":"2025-04-05T13:55:06","slug":"fallecio-el-ex-juez-federal-mario-portela-fundamental-en-la-lucha-contra-la-impunidad","status":"publish","type":"post","link":"https:\/\/cdnoticias.com\/index.php\/2025\/04\/05\/fallecio-el-ex-juez-federal-mario-portela-fundamental-en-la-lucha-contra-la-impunidad\/","title":{"rendered":"Falleci\u00f3 el ex juez federal Mario Portela, fundamental en la lucha contra la impunidad"},"content":{"rendered":"<p>Los \u00faltimos 20 a\u00f1os de su carrera estuvieron abocados a juzgar los cr\u00edmenes cometidos por el Terrorismo de Estado durante la \u00faltima dictadura. Intervino en los procesos Monte Pelloni.<!--more--><\/p>\n<hr \/>\n<p>El <strong>ex juez federal Mario Portela muri\u00f3<\/strong> este viernes en Mar del Plata a los<strong> 79 a\u00f1os<\/strong> a causa de una afecci\u00f3n irreversible. Durante 26 a\u00f1os fue <strong>integrante del Tribunal Oral Federal N\u00ba1 de Mar del Plata<\/strong> y en agosto de 2020 hab\u00eda decidido jubilarse.<\/p>\n<p>Porte\u00f1o de nacimiento, pero marplatense por adopci\u00f3n, Portela lleg\u00f3 a la ciudad balnearia en 1969 reci\u00e9n recibido de abogado. Desde ese d\u00eda y hasta 1979 cumpli\u00f3 funciones como secretario en un juzgado penal de la justicia provincial.\u00a0Se alej\u00f3 del poder judicial por 15 a\u00f1os hasta que en 1994 fue designado juez del reci\u00e9n inaugurado Tribunal Oral Federal N\u00ba1 de Mar del Plata. <em>A partir del 2000 y luego de un fallo de la Corte Interamericana, se abrieron los Juicios por la Verdad para dar cuenta de los cr\u00edmenes cometidos por el terrorismo de Estado<\/em> en Mar del Plata y la zona durante la \u00faltima dictadura. Portela <strong>junto a Roberto Falcone y N\u00e9stor Parra<\/strong> llevaron adelante aquella empresa.<\/p>\n<blockquote><p>En ese accionar Portela fue juez en los juicios llamados \u201cMonte Pelloni\u201d que involucraron a los cr\u00edmenes cometidos por la dictadura en Olavarr\u00eda y la regi\u00f3n centro bonaerense. El primer juicio oral <a href=\"https:\/\/www.apdh.org.ar\/Lesa-Humanidad\/Azul\/Monte-Peloni\" target=\"_blank\" rel=\"noopener\">se desarroll\u00f3 desde 2014<\/a> en la sede de Unicen de nuestra ciudad y el segundo <a href=\"https:\/\/www.agenciacomunica.soc.unicen.edu.ar\/index.php\/derechos-humanos\/montepelloni-ii\/688-juicio-monte-pelloni-ii-a-kilometros-de-distancia-del-lugar-de-los-hechos\" target=\"_blank\" rel=\"noopener\">comenz\u00f3 en 2017<\/a>.<\/p><\/blockquote>\n<p>El medio Mi8 de Mar del Plata resalt\u00f3 que <strong>los \u00faltimos 20 a\u00f1os de su carrera estuvieron dedicados al juzgamiento de los cr\u00edmenes cometidos por el Estado argentino<\/strong>. Entre los juicios que llev\u00f3 adelante se destacan la Causa Subzona 15 en Mar del Plata; el Circuito Camps y la causa Unidad Penal 9 de La Plata. En referencia a esos juicios, el ex magistrado record\u00f3 20 a\u00f1os despu\u00e9s que<strong> &#8220;all\u00ed vimos todo lo que hab\u00eda pasado en Mar del Plata con un dolor inenarrable&#8221;<\/strong>.<\/p>\n<p><strong>&#8220;Debo ser el juez federal que m\u00e1s juicios por delitos de lesa humanidad llev\u00f3 a adelante&#8221;<\/strong>, le dijo a Mi8 en una de sus \u00faltimas entrevistas.<\/p>\n<blockquote><p>En septiembre del a\u00f1o pasado hab\u00eda mostrado su <em>preocupaci\u00f3n por el avasallamiento de los derechos humanos del actual gobierno nacional<\/em>. &#8220;Me parece que el actual gobierno tiene una pol\u00edtica negacionista sobre los derechos humanos en general. No les gustan los vulnerables&#8221; afirm\u00f3.<\/p><\/blockquote>\n<p>Fuente y foto: <em>Mi8<\/em><\/p>\n","protected":false},"excerpt":{"rendered":"<p>Los \u00faltimos 20 a\u00f1os de su carrera estuvieron abocados a juzgar los cr\u00edmenes cometidos por el Terrorismo de Estado durante<\/p>\n","protected":false},"author":4,"featured_media":168273,"comment_status":"closed","ping_status":"closed","sticky":false,"template":"","format":"standard","meta":{"_jetpack_memberships_contains_paid_content":false,"footnotes":""},"categories":[5,1],"tags":[],"class_list":["post-168272","post","type-post","status-publish","format-standard","has-post-thumbnail","hentry","category-informacion-general","category-portada"],"jetpack_featured_media_url":"https:\/\/i0.wp.com\/cdnoticias.com\/wp-content\/uploads\/2025\/04\/juez-federal-mario-portela.jpg?fit=1000%2C666&ssl=1","jetpack_sharing_enabled":true,"_links":{"self":[{"href":"https:\/\/cdnoticias.com\/index.php\/wp-json\/wp\/v2\/posts\/168272","targetHints":{"allow":["GET"]}}],"collection":[{"href":"https:\/\/cdnoticias.com\/index.php\/wp-json\/wp\/v2\/posts"}],"about":[{"href":"https:\/\/cdnoticias.com\/index.php\/wp-json\/wp\/v2\/types\/post"}],"author":[{"embeddable":true,"href":"https:\/\/cdnoticias.com\/index.php\/wp-json\/wp\/v2\/users\/4"}],"replies":[{"embeddable":true,"href":"https:\/\/cdnoticias.com\/index.php\/wp-json\/wp\/v2\/comments?post=168272"}],"version-history":[{"count":0,"href":"https:\/\/cdnoticias.com\/index.php\/wp-json\/wp\/v2\/posts\/168272\/revisions"}],"wp:featuredmedia":[{"embeddable":true,"href":"https:\/\/cdnoticias.com\/index.php\/wp-json\/wp\/v2\/media\/168273"}],"wp:attachment":[{"href":"https:\/\/cdnoticias.com\/index.php\/wp-json\/wp\/v2\/media?parent=168272"}],"wp:term":[{"taxonomy":"category","embeddable":true,"href":"https:\/\/cdnoticias.com\/index.php\/wp-json\/wp\/v2\/categories?post=168272"},{"taxonomy":"post_tag","embeddable":true,"href":"https:\/\/cdnoticias.com\/index.php\/wp-json\/wp\/v2\/tags?post=168272"}],"curies":[{"name":"wp","href":"https:\/\/api.w.org\/{rel}","templated":true}]}}