{"id":168185,"date":"2025-04-03T19:30:06","date_gmt":"2025-04-03T22:30:06","guid":{"rendered":"https:\/\/cdnoticias.com\/?p=168185"},"modified":"2025-04-04T08:30:09","modified_gmt":"2025-04-04T11:30:09","slug":"un-herido-en-un-siniestro-vial-en-merlo-y-san-lorenzo","status":"publish","type":"post","link":"https:\/\/cdnoticias.com\/index.php\/2025\/04\/03\/un-herido-en-un-siniestro-vial-en-merlo-y-san-lorenzo\/","title":{"rendered":"Un herido en un siniestro vial en Merlo y San Lorenzo"},"content":{"rendered":"\n<p>Fue en la tarde de este jueves. Una persona debi\u00f3 ser trasladada al Hospital Municipal.<\/p>\n\n\n\n<hr class=\"wp-block-separator aligncenter has-alpha-channel-opacity\"\/>\n\n\n\n<p>En la tarde de este jueves, <strong>un siniestro vial entre una camioneta furg\u00f3n y un auto dej\u00f3 como saldo a una persona herida que debi\u00f3 ser trasladada al Hospital Municipal.<\/strong><\/p>\n\n\n\n<p>Las causas del hecho se encuentran en investigaci\u00f3n. Lo concreto es que <strong>el impacto se dio entre un auto Renault Fluence y una camioneta tipo furg\u00f3n Fiat Fiorino, utilizada por Correo Argentino.<\/strong><\/p>\n\n\n\n<p>Producto del impacto,<strong> una persona fue trasladada por una ambulancia al Hospital Municipal donde se indic\u00f3 que sufri\u00f3 heridas leves.<\/strong><\/p>\n\n\n\n<p>El tr\u00e1nsito qued\u00f3 <strong>reducido y controlado por personal de Comando de Patrullas que trabaj\u00f3 en el lugar<\/strong> hasta tanto se realicen las tareas de rigor.<\/p>\n","protected":false},"excerpt":{"rendered":"<p>Fue en la tarde de este jueves. Una persona debi\u00f3 ser trasladada al Hospital Municipal. En la tarde de este<\/p>\n","protected":false},"author":2,"featured_media":168180,"comment_status":"closed","ping_status":"closed","sticky":false,"template":"","format":"standard","meta":{"_jetpack_memberships_contains_paid_content":false,"footnotes":""},"categories":[14,1],"tags":[],"class_list":["post-168185","post","type-post","status-publish","format-standard","has-post-thumbnail","hentry","category-policiales","category-portada"],"jetpack_featured_media_url":"https:\/\/i0.wp.com\/cdnoticias.com\/wp-content\/uploads\/2025\/04\/choque-merlo-sanlorenzo1.jpg?fit=900%2C460&ssl=1","jetpack_sharing_enabled":true,"_links":{"self":[{"href":"https:\/\/cdnoticias.com\/index.php\/wp-json\/wp\/v2\/posts\/168185","targetHints":{"allow":["GET"]}}],"collection":[{"href":"https:\/\/cdnoticias.com\/index.php\/wp-json\/wp\/v2\/posts"}],"about":[{"href":"https:\/\/cdnoticias.com\/index.php\/wp-json\/wp\/v2\/types\/post"}],"author":[{"embeddable":true,"href":"https:\/\/cdnoticias.com\/index.php\/wp-json\/wp\/v2\/users\/2"}],"replies":[{"embeddable":true,"href":"https:\/\/cdnoticias.com\/index.php\/wp-json\/wp\/v2\/comments?post=168185"}],"version-history":[{"count":0,"href":"https:\/\/cdnoticias.com\/index.php\/wp-json\/wp\/v2\/posts\/168185\/revisions"}],"wp:featuredmedia":[{"embeddable":true,"href":"https:\/\/cdnoticias.com\/index.php\/wp-json\/wp\/v2\/media\/168180"}],"wp:attachment":[{"href":"https:\/\/cdnoticias.com\/index.php\/wp-json\/wp\/v2\/media?parent=168185"}],"wp:term":[{"taxonomy":"category","embeddable":true,"href":"https:\/\/cdnoticias.com\/index.php\/wp-json\/wp\/v2\/categories?post=168185"},{"taxonomy":"post_tag","embeddable":true,"href":"https:\/\/cdnoticias.com\/index.php\/wp-json\/wp\/v2\/tags?post=168185"}],"curies":[{"name":"wp","href":"https:\/\/api.w.org\/{rel}","templated":true}]}}