{"id":168128,"date":"2025-04-03T12:54:56","date_gmt":"2025-04-03T15:54:56","guid":{"rendered":"https:\/\/cdnoticias.com\/?p=168128"},"modified":"2025-04-03T17:00:53","modified_gmt":"2025-04-03T20:00:53","slug":"vuelo-inaugural-de-la-empresa-que-unira-olavarria-y-tandil-con-aeroparque","status":"publish","type":"post","link":"https:\/\/cdnoticias.com\/index.php\/2025\/04\/03\/vuelo-inaugural-de-la-empresa-que-unira-olavarria-y-tandil-con-aeroparque\/","title":{"rendered":"Vuelo inaugural de la empresa que unir\u00e1 Olavarr\u00eda y Tandil con Aeroparque"},"content":{"rendered":"<p>Operar\u00e1 los jueves desde el 17 de abril con dos vuelos diarios. El CEO de Humming Airways destac\u00f3 en el aer\u00f3dromo local: \u201cBuscamos desarrollar el pa\u00eds, dar mayor conexi\u00f3n a\u00e9rea y dar un servicio diferencial\u201d.<!--more--><\/p>\n<hr \/>\n<p>El <strong>vuelo inaugural de la empresa Humming Airways<\/strong> desde <strong>Aeroparque a Olavarr\u00eda<\/strong> se concret\u00f3 este jueves: <strong>a las 9.10 arrib\u00f3 al Aer\u00f3dromo municipal<\/strong> el avi\u00f3n que abri\u00f3 formalmente el servicio, tal como inform\u00f3 <strong>Radio Sapiens<\/strong> que hizo una cobertura especial del evento.<\/p>\n<p><strong>Francisco Sim\u00f3n Errecart, CEO de Humming Airways<\/strong>, habl\u00f3 en el lugar para definir que <strong>\u201cestamos contentos de aprovechar la nueva oportunidad\u201d<\/strong> y anunci\u00f3 que <strong>el jueves 17 de abril operar\u00e1 formalmente<\/strong> con un vuelo por la ma\u00f1ana y otro por la tarde.<\/p>\n<p>Despu\u00e9s de la actividad local, se realiz\u00f3 tambi\u00e9n la inauguraci\u00f3n del servicio en el aeropuerto \u201cH\u00e9roes de Malvinas\u201d de la ciudad de Tandil que completa la triangulaci\u00f3n.<\/p>\n<p>Para <strong>recibir el avi\u00f3n en Olavarr\u00eda<\/strong> estuvieron <strong>integrantes de la empresa<\/strong> y representantes de <strong>instituciones locales<\/strong>, entre ellas la<strong> Uni\u00f3n Industrial<\/strong> que propici\u00f3 la llegada del servicio. Errecart valor\u00f3 que <strong>\u201cel sector empresarial de Olavarr\u00eda va a utilizar el servicio\u201d<\/strong>.<\/p>\n<p><img data-recalc-dims=\"1\" loading=\"lazy\" decoding=\"async\" class=\"size-full wp-image-168134 aligncenter\" src=\"https:\/\/i0.wp.com\/cdnoticias.com\/wp-content\/uploads\/2025\/04\/vuelo-humming-airways-01.jpg?resize=800%2C444&#038;ssl=1\" alt=\"\" width=\"800\" height=\"444\" srcset=\"https:\/\/i0.wp.com\/cdnoticias.com\/wp-content\/uploads\/2025\/04\/vuelo-humming-airways-01.jpg?w=1000&amp;ssl=1 1000w, https:\/\/i0.wp.com\/cdnoticias.com\/wp-content\/uploads\/2025\/04\/vuelo-humming-airways-01.jpg?resize=300%2C167&amp;ssl=1 300w, https:\/\/i0.wp.com\/cdnoticias.com\/wp-content\/uploads\/2025\/04\/vuelo-humming-airways-01.jpg?resize=768%2C426&amp;ssl=1 768w, https:\/\/i0.wp.com\/cdnoticias.com\/wp-content\/uploads\/2025\/04\/vuelo-humming-airways-01.jpg?resize=800%2C445&amp;ssl=1 800w\" sizes=\"auto, (max-width: 800px) 100vw, 800px\" \/><\/p>\n<p><strong>\u201cBuscamos desarrollar el pa\u00eds, dar mayor conexi\u00f3n a\u00e9rea y dar un servicio diferencial\u201d<\/strong> indic\u00f3 sobre los objetivos de la empresa. Agradeci\u00f3 al intendente Maximiliano Wesner y al sector empresarial, \u201cC\u00e9sar Longo nos acompa\u00f1a desde el inicio y nos dio una mano\u201d.<\/p>\n<p>Humming Airways ofrecer\u00e1 <strong>vuelos ida y vuelta<\/strong> en el d\u00eda con una duraci\u00f3n de<strong> 45 a 55 minutos<\/strong>. La propuesta est\u00e1 pensada para el sector empresarial que mantiene actividades en Buenos Aires.<\/p>\n<blockquote><p>\u201cEsta ruta es una triangulaci\u00f3n que hace Aeroparque, Olavarr\u00eda, Tandil, Aeroparque. Dos veces en el d\u00eda para quienes tienen reuniones en Buenos Aires\u201d se\u00f1al\u00f3 el CEO. Apunt\u00f3 al diferencial positivo: \u201chorario reducido de traslado. Esto trae clientes, reuniones, desarrollo. Lo que buscamos es realmente brindar el desarrollo del pa\u00eds y que surjan m\u00e1s iniciativas como estas\u201d.<\/p><\/blockquote>\n<p>Los vuelos se har\u00e1n los d\u00edas jueves. <strong>Los pasajes se pueden comprar en la p\u00e1gina web de la empresa<\/strong>. Francisco Errecart inform\u00f3 que para <strong>las primeras dos semanas se dispuso un precio diferencial de 112 d\u00f3lares<\/strong> para todas las empresas y <strong>despu\u00e9s pasar\u00e1 a 150 d\u00f3lares el tramo<\/strong>, m\u00e1s el IVA de 10,5%. <em>\u201cCuando uno lo compara con otros medios de transporte termina siendo competitivo y m\u00e1s porque estamos enfocados al sector industrial y corporativo\u201d<\/em> subray\u00f3 el CEO.<\/p>\n<h3>Inicio dilatado<\/h3>\n<p>En diciembre <a href=\"https:\/\/cdnoticias.com\/index.php\/2024\/12\/16\/salio-la-preventa-de-pasajes-aereos-a-caba-con-costo-desde-150-dolares-por-tramo\/\" target=\"_blank\" rel=\"noopener\">el ministro Daniel Scioli<\/a> confirm\u00f3 en Tandil que en febrero comenzar\u00edan las operaciones de la l\u00ednea Humming Airways. \u201cEs as\u00ed, estamos muy contentos\u201d, le dijo entonces Francisco Sim\u00f3n Errecart, CEO de la empresa, a El Eco de Tandil. Y junto con la fecha tentativa de inicio de las operaciones, tambi\u00e9n se conoci\u00f3 el costo de los pasajes, a partir del inicio de una preventa de paquetes, para personas que adquieran entre 40 y 150 pasajes. Finalmente, no fue febrero ni marzo, sino abril.<\/p>\n<p>El <a href=\"https:\/\/cdnoticias.com\/index.php\/2024\/07\/09\/sturzenegger-planteo-la-posibilidad-de-que-olavarria-tandil-y-junin-tengan-conexion-aerea\/\" target=\"_blank\" rel=\"noopener\">ministro de Desregulaci\u00f3n y Transformaci\u00f3n del Estado, Federico Sturzenegger<\/a>, hab\u00eda dicho en <a href=\"https:\/\/cdnoticias.com\/index.php\/2024\/10\/19\/sturzenegger-insiste-anuncio-conexion-aerea-en-olavarria-en-el-coloquio-de-idea\/\" target=\"_blank\" rel=\"noopener\">octubre<\/a> que en noviembre habr\u00eda vuelos a Tandil y Olavarr\u00eda. Sin embargo, no fue en noviembre, y tampoco en 2024.<\/p>\n<p>Fuente y fotos: <em>Radio Sapiens<\/em><\/p>\n","protected":false},"excerpt":{"rendered":"<p>Operar\u00e1 los jueves desde el 17 de abril con dos vuelos diarios. El CEO de Humming Airways destac\u00f3 en el<\/p>\n","protected":false},"author":4,"featured_media":168133,"comment_status":"closed","ping_status":"closed","sticky":false,"template":"","format":"standard","meta":{"_jetpack_memberships_contains_paid_content":false,"footnotes":""},"categories":[5,1],"tags":[],"class_list":["post-168128","post","type-post","status-publish","format-standard","has-post-thumbnail","hentry","category-informacion-general","category-portada"],"jetpack_featured_media_url":"https:\/\/i0.wp.com\/cdnoticias.com\/wp-content\/uploads\/2025\/04\/vuelo-humming-airways-00.jpg?fit=1000%2C557&ssl=1","jetpack_sharing_enabled":true,"_links":{"self":[{"href":"https:\/\/cdnoticias.com\/index.php\/wp-json\/wp\/v2\/posts\/168128","targetHints":{"allow":["GET"]}}],"collection":[{"href":"https:\/\/cdnoticias.com\/index.php\/wp-json\/wp\/v2\/posts"}],"about":[{"href":"https:\/\/cdnoticias.com\/index.php\/wp-json\/wp\/v2\/types\/post"}],"author":[{"embeddable":true,"href":"https:\/\/cdnoticias.com\/index.php\/wp-json\/wp\/v2\/users\/4"}],"replies":[{"embeddable":true,"href":"https:\/\/cdnoticias.com\/index.php\/wp-json\/wp\/v2\/comments?post=168128"}],"version-history":[{"count":0,"href":"https:\/\/cdnoticias.com\/index.php\/wp-json\/wp\/v2\/posts\/168128\/revisions"}],"wp:featuredmedia":[{"embeddable":true,"href":"https:\/\/cdnoticias.com\/index.php\/wp-json\/wp\/v2\/media\/168133"}],"wp:attachment":[{"href":"https:\/\/cdnoticias.com\/index.php\/wp-json\/wp\/v2\/media?parent=168128"}],"wp:term":[{"taxonomy":"category","embeddable":true,"href":"https:\/\/cdnoticias.com\/index.php\/wp-json\/wp\/v2\/categories?post=168128"},{"taxonomy":"post_tag","embeddable":true,"href":"https:\/\/cdnoticias.com\/index.php\/wp-json\/wp\/v2\/tags?post=168128"}],"curies":[{"name":"wp","href":"https:\/\/api.w.org\/{rel}","templated":true}]}}