{"id":168054,"date":"2025-04-02T18:01:02","date_gmt":"2025-04-02T21:01:02","guid":{"rendered":"https:\/\/cdnoticias.com\/?p=168054"},"modified":"2025-04-03T08:44:36","modified_gmt":"2025-04-03T11:44:36","slug":"azul-un-olavarriense-involucrado-en-un-accidente-ferroviario","status":"publish","type":"post","link":"https:\/\/cdnoticias.com\/index.php\/2025\/04\/02\/azul-un-olavarriense-involucrado-en-un-accidente-ferroviario\/","title":{"rendered":"Azul: Un olavarriense involucrado en un accidente ferroviario\u00a0"},"content":{"rendered":"\n<p>El hecho ocurri\u00f3 este mi\u00e9rcoles en la&nbsp; intersecci\u00f3n de la avenida Mujica y las v\u00edas del ferrocarril, en la ciudad Azul.&nbsp;<\/p>\n\n\n\n<hr class=\"wp-block-separator aligncenter has-alpha-channel-opacity\"\/>\n\n\n\n<p>Este mi\u00e9rcoles al mediod\u00eda se produjo un<strong> accidente <\/strong>en la intersecci\u00f3n de la avenida Mujica y las v\u00edas del ferrocarril, en la<strong> ciudad de Azul.\u00a0<\/strong><\/p>\n\n\n\n<p><\/p>\n\n\n\n<p>Un <strong>tren de la empresa FerroSur Roca<\/strong>, identificado con el n\u00famero 9020, <strong>colision\u00f3 con un tractor Don Roque 150<\/strong>, equipado con cosechadora y plataforma N\u00b0 2537.<\/p>\n\n\n\n<p><\/p>\n\n\n\n<blockquote class=\"wp-block-quote is-layout-flow wp-block-quote-is-layout-flow\">\n<p>El tren era guiado por Renzo Mat\u00edas Torres Gonz\u00e1lez, un olavarriense de 34 a\u00f1os, quien se encontraba acompa\u00f1ado por su ayudante, Gustavo Oscar Alfredo Guall\u00e1n Orrade. Por su parte, el tractor era manejado por Alex Leiva de 24 a\u00f1os, con domicilio en Azul.<\/p>\n<\/blockquote>\n\n\n\n<p><\/p>\n\n\n\n<p>Afortunadamente,<strong> ambos conductores resultaron ilesos<\/strong> y <strong>no requirieron asistencia m\u00e9dica<\/strong>. Sin embargo,<strong> el impacto ocasion\u00f3 da\u00f1os materiales importantes.<\/strong><\/p>\n\n\n\n<p><\/p>\n\n\n\n<p>Trabajaron en el lugar del hecho efectivos del <strong>Comando de patrullas de Azul,<\/strong> quienes llegaron al lugar tras un llamado de emergencia al 911.<\/p>\n\n\n\n<p><\/p>\n\n\n\n<p><em>Fuente: Noticias de Azul<\/em><\/p>\n\n\n\n<p><\/p>\n","protected":false},"excerpt":{"rendered":"<p>El hecho ocurri\u00f3 este mi\u00e9rcoles en la&nbsp; intersecci\u00f3n de la avenida Mujica y las v\u00edas del ferrocarril, en la ciudad<\/p>\n","protected":false},"author":6,"featured_media":168055,"comment_status":"closed","ping_status":"closed","sticky":false,"template":"","format":"standard","meta":{"_jetpack_memberships_contains_paid_content":false,"footnotes":""},"categories":[14,1],"tags":[],"class_list":["post-168054","post","type-post","status-publish","format-standard","has-post-thumbnail","hentry","category-policiales","category-portada"],"jetpack_featured_media_url":"https:\/\/i0.wp.com\/cdnoticias.com\/wp-content\/uploads\/2025\/04\/choque-azul-olavarriense-tren.jpg?fit=900%2C491&ssl=1","jetpack_sharing_enabled":true,"_links":{"self":[{"href":"https:\/\/cdnoticias.com\/index.php\/wp-json\/wp\/v2\/posts\/168054","targetHints":{"allow":["GET"]}}],"collection":[{"href":"https:\/\/cdnoticias.com\/index.php\/wp-json\/wp\/v2\/posts"}],"about":[{"href":"https:\/\/cdnoticias.com\/index.php\/wp-json\/wp\/v2\/types\/post"}],"author":[{"embeddable":true,"href":"https:\/\/cdnoticias.com\/index.php\/wp-json\/wp\/v2\/users\/6"}],"replies":[{"embeddable":true,"href":"https:\/\/cdnoticias.com\/index.php\/wp-json\/wp\/v2\/comments?post=168054"}],"version-history":[{"count":0,"href":"https:\/\/cdnoticias.com\/index.php\/wp-json\/wp\/v2\/posts\/168054\/revisions"}],"wp:featuredmedia":[{"embeddable":true,"href":"https:\/\/cdnoticias.com\/index.php\/wp-json\/wp\/v2\/media\/168055"}],"wp:attachment":[{"href":"https:\/\/cdnoticias.com\/index.php\/wp-json\/wp\/v2\/media?parent=168054"}],"wp:term":[{"taxonomy":"category","embeddable":true,"href":"https:\/\/cdnoticias.com\/index.php\/wp-json\/wp\/v2\/categories?post=168054"},{"taxonomy":"post_tag","embeddable":true,"href":"https:\/\/cdnoticias.com\/index.php\/wp-json\/wp\/v2\/tags?post=168054"}],"curies":[{"name":"wp","href":"https:\/\/api.w.org\/{rel}","templated":true}]}}