{"id":168038,"date":"2025-04-02T16:23:10","date_gmt":"2025-04-02T19:23:10","guid":{"rendered":"https:\/\/cdnoticias.com\/?p=168038"},"modified":"2025-04-02T16:23:12","modified_gmt":"2025-04-02T19:23:12","slug":"oscar-venancio-becker-el-loco-q-e-p-d","status":"publish","type":"post","link":"https:\/\/cdnoticias.com\/index.php\/2025\/04\/02\/oscar-venancio-becker-el-loco-q-e-p-d\/","title":{"rendered":"Oscar Venancio Becker \u201cEl loco\u201d (Q.E.P.D.)"},"content":{"rendered":"\n<p>Falleci\u00f3 en Olavarr\u00eda el 2 de abril de 2025 a los 60 a\u00f1os.<\/p>\n\n\n\n<p>Su esposa Matilde Walter. Sus hijos Mat\u00edas y Camila Becker. Sus hijos pol\u00edticos Martin Fern\u00e1ndez. Sus nietos Martina y Camilo. Su hermana Mar\u00eda Haydee Becker. Sus hermanos pol\u00edticos Orfel Waimann y Ana Mar\u00eda Walter. Sus sobrinos Natalia, Andrea y Diego Waimann; Anabella y Sabrina Fern\u00e1ndez; y dem\u00e1s deudos participan su fallecimiento.<\/p>\n\n\n\n<p>Velatorio: Sala velatoria de Colonia Hinojo. Comienza este jueves 3 a las 8:30 horas. Responso: Iglesia de Colonia Hinojo. Inhumaci\u00f3n: Cementerio de Colonia Hinojo, jueves 3 a a las 11:30 horas. Servicio adherido a Coopelectric.&nbsp;<\/p>\n\n\n\n<p>Barrio en el que viv\u00eda: Vecino de Colonia Hinojo.<\/p>\n\n\n\n<p>Lugar de nacimiento:&nbsp; Nacido en Sierras Bayas.<\/p>\n","protected":false},"excerpt":{"rendered":"<p>Falleci\u00f3 en Olavarr\u00eda el 2 de abril de 2025 a los 60 a\u00f1os. Su esposa Matilde Walter. Sus hijos Mat\u00edas<\/p>\n","protected":false},"author":6,"featured_media":100390,"comment_status":"closed","ping_status":"closed","sticky":false,"template":"","format":"standard","meta":{"_jetpack_memberships_contains_paid_content":false,"footnotes":""},"categories":[10],"tags":[],"class_list":["post-168038","post","type-post","status-publish","format-standard","has-post-thumbnail","hentry","category-necrologicas"],"jetpack_featured_media_url":"https:\/\/i0.wp.com\/cdnoticias.com\/wp-content\/uploads\/2023\/10\/necrologicas-390-x-240.jpg?fit=390%2C240&ssl=1","jetpack_sharing_enabled":true,"_links":{"self":[{"href":"https:\/\/cdnoticias.com\/index.php\/wp-json\/wp\/v2\/posts\/168038","targetHints":{"allow":["GET"]}}],"collection":[{"href":"https:\/\/cdnoticias.com\/index.php\/wp-json\/wp\/v2\/posts"}],"about":[{"href":"https:\/\/cdnoticias.com\/index.php\/wp-json\/wp\/v2\/types\/post"}],"author":[{"embeddable":true,"href":"https:\/\/cdnoticias.com\/index.php\/wp-json\/wp\/v2\/users\/6"}],"replies":[{"embeddable":true,"href":"https:\/\/cdnoticias.com\/index.php\/wp-json\/wp\/v2\/comments?post=168038"}],"version-history":[{"count":0,"href":"https:\/\/cdnoticias.com\/index.php\/wp-json\/wp\/v2\/posts\/168038\/revisions"}],"wp:featuredmedia":[{"embeddable":true,"href":"https:\/\/cdnoticias.com\/index.php\/wp-json\/wp\/v2\/media\/100390"}],"wp:attachment":[{"href":"https:\/\/cdnoticias.com\/index.php\/wp-json\/wp\/v2\/media?parent=168038"}],"wp:term":[{"taxonomy":"category","embeddable":true,"href":"https:\/\/cdnoticias.com\/index.php\/wp-json\/wp\/v2\/categories?post=168038"},{"taxonomy":"post_tag","embeddable":true,"href":"https:\/\/cdnoticias.com\/index.php\/wp-json\/wp\/v2\/tags?post=168038"}],"curies":[{"name":"wp","href":"https:\/\/api.w.org\/{rel}","templated":true}]}}