{"id":168012,"date":"2025-04-01T19:28:06","date_gmt":"2025-04-01T22:28:06","guid":{"rendered":"https:\/\/cdnoticias.com\/?p=168012"},"modified":"2025-04-03T08:14:35","modified_gmt":"2025-04-03T11:14:35","slug":"sigue-el-barrio-por-barrio-estara-en-sierra-chica-este-miercoles","status":"publish","type":"post","link":"https:\/\/cdnoticias.com\/index.php\/2025\/04\/01\/sigue-el-barrio-por-barrio-estara-en-sierra-chica-este-miercoles\/","title":{"rendered":"Sigue el \u201cBarrio por Barrio\u201d: estar\u00e1 en Sierra Chica este jueves"},"content":{"rendered":"\n<p>Se presentar\u00e1 la posibilidad de gestionar tr\u00e1mites cerca de la casa de los vecinos, como la respuesta inmediata en mantenimiento de calles y espacios p\u00fablicos.<\/p>\n\n\n\n<hr class=\"wp-block-separator aligncenter has-alpha-channel-opacity\"\/>\n\n\n\n<p>El programa municipal <strong>\u201cBarrio por Barrio\u201d <\/strong>sigue su trayecto por todo el Partido de Olavarr\u00eda, acercando a la comunidad la posibilidad de realizar la gesti\u00f3n de <strong>diversos tr\u00e1mites cerca de su casa, como as\u00ed tambi\u00e9n la respuesta inmediata y concreta a diversas cuestiones en materia de mantenimiento de calles y espacios p\u00fablicos.<\/strong><\/p>\n\n\n\n<p>Este jueves ser\u00e1 el turno de<strong> Sierra Chica, con un abordaje territorial e integral que se iniciar\u00e1 a partir de las 9 horas y que tendr\u00e1 como punto de encuentro la Delegaci\u00f3n Municipal de la localidad. <\/strong>All\u00ed se dispondr\u00e1n distintos puntos de atenci\u00f3n para que vecinos y vecinas puedan acercarse a evacuar inquietudes como as\u00ed tambi\u00e9n llevar adelante diversos tr\u00e1mites que son gestionados desde la comuna.<\/p>\n\n\n\n<p>De manera paralela, desde ese punto <strong>se iniciar\u00e1 un dispositivo puerta a puerta para relevar informaci\u00f3n y recabar consultas y necesidad que luego ser\u00e1n derivadas a las \u00e1reas correspondientes para su seguimiento y respuesta.<\/strong><\/p>\n\n\n\n<p>Adem\u00e1s, tal como viene sucediendo en ediciones anteriores<strong>, se contar\u00e1 adem\u00e1s con personal de empresas que brindan servicios para el Municipio, como Coopelectric y Transportes Malvinas, para dar una respuesta integral mediante un trabajo simult\u00e1nea y complementario con distintos equipos de trabajo de la Secretar\u00eda de Obras, Infraestructura y Servicios P\u00fablicos.<\/strong><\/p>\n\n\n\n<p>De manera paralela,<strong> se desarrollar\u00e1n tareas de prevenci\u00f3n y concientizaci\u00f3n en relaci\u00f3n al dengue y la importancia del descacharrado por parte del equipo de Epidemiolog\u00eda, al tiempo que, desde el \u00e1rea de Bromatolog\u00eda, se avanz\u00f3 en un abordaje en materia de inmunizaciones para perros y gatos.<\/strong><\/p>\n\n\n\n<p>Este tipo de jornadas territoriales plantean un abordaje integral, para lo cual se dispone de la participaci\u00f3n del Intendente y los funcionarios del gabinete, junto con personal de las distintas \u00e1reas de gesti\u00f3n municipal:<strong> Salud, Educaci\u00f3n, Protecci\u00f3n Ciudadana, Obras P\u00fablicas, Desarrollo de la Comunidad, Defensa al Consumidor, Asuntos Legales, entre otras \u00e1reas.<\/strong><\/p>\n","protected":false},"excerpt":{"rendered":"<p>Se presentar\u00e1 la posibilidad de gestionar tr\u00e1mites cerca de la casa de los vecinos, como la respuesta inmediata en mantenimiento<\/p>\n","protected":false},"author":2,"featured_media":167531,"comment_status":"closed","ping_status":"closed","sticky":false,"template":"","format":"standard","meta":{"_jetpack_memberships_contains_paid_content":false,"footnotes":""},"categories":[5,1],"tags":[],"class_list":["post-168012","post","type-post","status-publish","format-standard","has-post-thumbnail","hentry","category-informacion-general","category-portada"],"jetpack_featured_media_url":"https:\/\/i0.wp.com\/cdnoticias.com\/wp-content\/uploads\/2025\/03\/barrio-x-barrio-servicio-territorial-1.jpg?fit=900%2C600&ssl=1","jetpack_sharing_enabled":true,"_links":{"self":[{"href":"https:\/\/cdnoticias.com\/index.php\/wp-json\/wp\/v2\/posts\/168012","targetHints":{"allow":["GET"]}}],"collection":[{"href":"https:\/\/cdnoticias.com\/index.php\/wp-json\/wp\/v2\/posts"}],"about":[{"href":"https:\/\/cdnoticias.com\/index.php\/wp-json\/wp\/v2\/types\/post"}],"author":[{"embeddable":true,"href":"https:\/\/cdnoticias.com\/index.php\/wp-json\/wp\/v2\/users\/2"}],"replies":[{"embeddable":true,"href":"https:\/\/cdnoticias.com\/index.php\/wp-json\/wp\/v2\/comments?post=168012"}],"version-history":[{"count":0,"href":"https:\/\/cdnoticias.com\/index.php\/wp-json\/wp\/v2\/posts\/168012\/revisions"}],"wp:featuredmedia":[{"embeddable":true,"href":"https:\/\/cdnoticias.com\/index.php\/wp-json\/wp\/v2\/media\/167531"}],"wp:attachment":[{"href":"https:\/\/cdnoticias.com\/index.php\/wp-json\/wp\/v2\/media?parent=168012"}],"wp:term":[{"taxonomy":"category","embeddable":true,"href":"https:\/\/cdnoticias.com\/index.php\/wp-json\/wp\/v2\/categories?post=168012"},{"taxonomy":"post_tag","embeddable":true,"href":"https:\/\/cdnoticias.com\/index.php\/wp-json\/wp\/v2\/tags?post=168012"}],"curies":[{"name":"wp","href":"https:\/\/api.w.org\/{rel}","templated":true}]}}