{"id":167982,"date":"2025-04-03T18:50:06","date_gmt":"2025-04-03T21:50:06","guid":{"rendered":"https:\/\/cdnoticias.com\/?p=167982"},"modified":"2025-04-03T18:50:08","modified_gmt":"2025-04-03T21:50:08","slug":"banco-provincia-lanzo-el-gran-premio-de-literatura-2025","status":"publish","type":"post","link":"https:\/\/cdnoticias.com\/index.php\/2025\/04\/03\/banco-provincia-lanzo-el-gran-premio-de-literatura-2025\/","title":{"rendered":"Banco Provincia lanz\u00f3 el Gran Premio de Literatura 2025\u00a0"},"content":{"rendered":"\n<p>El jurado estar\u00e1 integrado por Sylvia Iparraguirre, Sergio Olgu\u00edn y C\u00e9sar Gonz\u00e1lez.\u00a0La inscripci\u00f3n ser\u00e1 hasta el 12 de mayo. <\/p>\n\n\n\n<hr class=\"wp-block-separator aligncenter has-alpha-channel-opacity\"\/>\n\n\n\n<p>Luego del \u00e9xito de las<strong> tres primeras ediciones,<\/strong> cuyas obras premiadas y reconocidas fueron <strong>compiladas en los libros<\/strong> &#8220;<strong><em>Otra vuelta en el tiempo&#8221;, &#8220;Bestiarios y Adioses&#8221;, y &#8220;Cuando el agua suena&#8221;, <\/em><\/strong>Banco Provincia lanza el<strong> Gran Premio de Literatura 2025.\u00a0<\/strong><\/p>\n\n\n\n<p><\/p>\n\n\n\n<p>Se trata de un <strong>concurso de cuentos de tem\u00e1tica libre<\/strong> destinado a <strong>personas mayores de 18 a\u00f1os residentes en la provincia o la ciudad de Buenos Aires.\u00a0<\/strong><\/p>\n\n\n\n<p><\/p>\n\n\n\n<blockquote class=\"wp-block-quote is-layout-flow wp-block-quote-is-layout-flow\">\n<p>La inscripci\u00f3n y presentaci\u00f3n de obras estar\u00e1 disponible desde el 31 de marzo hasta el 12 de mayo, a trav\u00e9s del sitio web oficial de la entidad, mientras que los cuentos ganadores se anunciar\u00e1n en agosto.\u00a0\u00a0<\/p>\n<\/blockquote>\n\n\n\n<p><\/p>\n\n\n\n<p>El concurso tendr\u00e1 tres premios est\u00edmulo de <strong>$1.000.000, $600.000 y $400.000 para los cuentos m\u00e1s destacados,<\/strong> que adem\u00e1s<strong> ser\u00e1n publicados<\/strong> junto a otros trabajos reconocidos con menciones. En esta oportunidad el prestigioso jurado est\u00e1 conformado por <strong>Sylvia Iparraguirre, Sergio Olgu\u00edn y C\u00e9sar Gonz\u00e1lez.\u00a0<\/strong><\/p>\n\n\n\n<p><\/p>\n\n\n\n<p class=\"has-medium-font-size\"><strong>Condiciones para la presentaci\u00f3n de obras <\/strong><\/p>\n\n\n\n<ul class=\"wp-block-list\">\n<li>Deben estar escritas en Arial o Times New Roman, tama\u00f1o 12, interlineado doble, justificado y en hoja A4.\u00a0<\/li>\n<\/ul>\n\n\n\n<ul class=\"wp-block-list\">\n<li>La extensi\u00f3n debe ser de 2 a 7 p\u00e1ginas.\u00a0<\/li>\n<\/ul>\n\n\n\n<ul class=\"wp-block-list\">\n<li>Deben incluir una car\u00e1tula con:\u00a0<\/li>\n<\/ul>\n\n\n\n<ul class=\"wp-block-list\">\n<li>T\u00edtulo de la obra\u00a0<\/li>\n<\/ul>\n\n\n\n<ul class=\"wp-block-list\">\n<li>Seud\u00f3nimo del\/a autor\/a\u00a0<\/li>\n<\/ul>\n\n\n\n<p><\/p>\n\n\n\n<p>El resultado final de este concurso <strong>ser\u00e1 un libro que estar\u00e1 disponible en formato f\u00edsico y en versi\u00f3n digital <\/strong>que se podr\u00e1 descargar a trav\u00e9s del portal de noticias del Banco <strong>y en podcast<\/strong>, que se podr\u00e1 escuchar desde la <strong>cuenta oficial de Spotify de la entidad<\/strong>, dentro de la lista \u201cCuentos Bonaerenses\u201d.\u00a0\u00a0<\/p>\n\n\n\n<p><\/p>\n\n\n\n<p>Juan Cuattromo, presidente de Banco Provincia expres\u00f3:<em> \u201cPara un banco privado este tipo de concursos podr\u00edan considerarse una acci\u00f3n de responsabilidad social empresaria, pero en nuestro caso no hay empresarios sino funcionarios p\u00fablicos. Lo que nosotros hacemos es desarrollar pol\u00edticas p\u00fablicas del gobierno de la provincia de Buenos Aires. Por eso lo vamos a defender m\u00e1s que nunca en esta coyuntura, para darle voz a esta cultura cuentista que tiene nuestro pa\u00eds\u201d. <\/em>\u00a0<\/p>\n\n\n\n<p><\/p>\n","protected":false},"excerpt":{"rendered":"<p>El jurado estar\u00e1 integrado por Sylvia Iparraguirre, Sergio Olgu\u00edn y C\u00e9sar Gonz\u00e1lez.\u00a0La inscripci\u00f3n ser\u00e1 hasta el 12 de mayo. Luego<\/p>\n","protected":false},"author":6,"featured_media":167983,"comment_status":"closed","ping_status":"closed","sticky":false,"template":"","format":"standard","meta":{"_jetpack_memberships_contains_paid_content":false,"footnotes":""},"categories":[6,1],"tags":[],"class_list":["post-167982","post","type-post","status-publish","format-standard","has-post-thumbnail","hentry","category-nacionales","category-portada"],"jetpack_featured_media_url":"https:\/\/i0.wp.com\/cdnoticias.com\/wp-content\/uploads\/2025\/04\/premio-literatura-2025-banco-provincia.jpg?fit=894%2C551&ssl=1","jetpack_sharing_enabled":true,"_links":{"self":[{"href":"https:\/\/cdnoticias.com\/index.php\/wp-json\/wp\/v2\/posts\/167982","targetHints":{"allow":["GET"]}}],"collection":[{"href":"https:\/\/cdnoticias.com\/index.php\/wp-json\/wp\/v2\/posts"}],"about":[{"href":"https:\/\/cdnoticias.com\/index.php\/wp-json\/wp\/v2\/types\/post"}],"author":[{"embeddable":true,"href":"https:\/\/cdnoticias.com\/index.php\/wp-json\/wp\/v2\/users\/6"}],"replies":[{"embeddable":true,"href":"https:\/\/cdnoticias.com\/index.php\/wp-json\/wp\/v2\/comments?post=167982"}],"version-history":[{"count":0,"href":"https:\/\/cdnoticias.com\/index.php\/wp-json\/wp\/v2\/posts\/167982\/revisions"}],"wp:featuredmedia":[{"embeddable":true,"href":"https:\/\/cdnoticias.com\/index.php\/wp-json\/wp\/v2\/media\/167983"}],"wp:attachment":[{"href":"https:\/\/cdnoticias.com\/index.php\/wp-json\/wp\/v2\/media?parent=167982"}],"wp:term":[{"taxonomy":"category","embeddable":true,"href":"https:\/\/cdnoticias.com\/index.php\/wp-json\/wp\/v2\/categories?post=167982"},{"taxonomy":"post_tag","embeddable":true,"href":"https:\/\/cdnoticias.com\/index.php\/wp-json\/wp\/v2\/tags?post=167982"}],"curies":[{"name":"wp","href":"https:\/\/api.w.org\/{rel}","templated":true}]}}