{"id":167979,"date":"2025-04-02T17:02:12","date_gmt":"2025-04-02T20:02:12","guid":{"rendered":"https:\/\/cdnoticias.com\/?p=167979"},"modified":"2025-04-02T17:02:14","modified_gmt":"2025-04-02T20:02:14","slug":"nuevo-horario-de-atencion-a-vecinos-de-la-casa-eduardo-chino-correa","status":"publish","type":"post","link":"https:\/\/cdnoticias.com\/index.php\/2025\/04\/02\/nuevo-horario-de-atencion-a-vecinos-de-la-casa-eduardo-chino-correa\/","title":{"rendered":"Nuevo horario de atenci\u00f3n a vecinos de la Casa Eduardo \u201cChino\u201d Correa\u00a0"},"content":{"rendered":"\n<p>La sede tendr\u00e1 a partir de este mes un nuevo horario de atenci\u00f3n, de ma\u00f1ana y tarde.&nbsp;<\/p>\n\n\n\n<hr class=\"wp-block-separator aligncenter has-alpha-channel-opacity\"\/>\n\n\n\n<p>La <strong>Casa Eduardo \u201cChino\u201d Correa<\/strong>, sede oficial del Foro Olavarr\u00eda &#8211; Frente Renovador, inform\u00f3 los <strong>nuevos horarios de atenci\u00f3n desde abril.\u00a0\u00a0<\/strong><\/p>\n\n\n\n<p><\/p>\n\n\n\n<p>La Casa estar\u00e1 abierta de <strong>lunes a viernes de 10 a 12 horas <\/strong>en su sede ubicada en <strong>Belgrano 3222, <\/strong>entre 9 de Julio y 25 de Mayo. <\/p>\n\n\n\n<p><\/p>\n\n\n\n<p>Asimismo, <strong>abrir\u00e1 de tarde, los martes, mi\u00e9rcoles y jueves, de 17 a 19 horas. <\/strong>Desde el espacio conducido por Eduardo Rodr\u00edguez\u00a0 afirmaron que <em>\u201clas puertas de la Casa Eduardo \u2018Chino\u2019 Correa est\u00e1n abiertas para toda la comunidad del Partido de Olavarr\u00eda con orientaci\u00f3n en tr\u00e1mites y recepci\u00f3n de propuestas\u201d.\u00a0<\/em><\/p>\n\n\n\n<p><\/p>\n\n\n\n<p>Para m\u00e1s informaci\u00f3n de las actividades del Foro Olavarr\u00eda &#8211; Frente Renovador, pueden comunicarse a trav\u00e9s de los siguientes canales:<\/p>\n\n\n\n<p>Mail: foroolavarria@gmail.com; WhatsApp: 2284-554873; P\u00e1gina Web: www.foroolavaria.org.<\/p>\n","protected":false},"excerpt":{"rendered":"<p>La sede tendr\u00e1 a partir de este mes un nuevo horario de atenci\u00f3n, de ma\u00f1ana y tarde.&nbsp; La Casa Eduardo<\/p>\n","protected":false},"author":6,"featured_media":45335,"comment_status":"closed","ping_status":"closed","sticky":false,"template":"","format":"standard","meta":{"_jetpack_memberships_contains_paid_content":false,"footnotes":""},"categories":[4,1],"tags":[],"class_list":["post-167979","post","type-post","status-publish","format-standard","has-post-thumbnail","hentry","category-politica","category-portada"],"jetpack_featured_media_url":"https:\/\/i0.wp.com\/cdnoticias.com\/wp-content\/uploads\/2022\/02\/Casa-Eduardo-Chino-Correa-2022.jpeg?fit=1600%2C964&ssl=1","jetpack_sharing_enabled":true,"_links":{"self":[{"href":"https:\/\/cdnoticias.com\/index.php\/wp-json\/wp\/v2\/posts\/167979","targetHints":{"allow":["GET"]}}],"collection":[{"href":"https:\/\/cdnoticias.com\/index.php\/wp-json\/wp\/v2\/posts"}],"about":[{"href":"https:\/\/cdnoticias.com\/index.php\/wp-json\/wp\/v2\/types\/post"}],"author":[{"embeddable":true,"href":"https:\/\/cdnoticias.com\/index.php\/wp-json\/wp\/v2\/users\/6"}],"replies":[{"embeddable":true,"href":"https:\/\/cdnoticias.com\/index.php\/wp-json\/wp\/v2\/comments?post=167979"}],"version-history":[{"count":0,"href":"https:\/\/cdnoticias.com\/index.php\/wp-json\/wp\/v2\/posts\/167979\/revisions"}],"wp:featuredmedia":[{"embeddable":true,"href":"https:\/\/cdnoticias.com\/index.php\/wp-json\/wp\/v2\/media\/45335"}],"wp:attachment":[{"href":"https:\/\/cdnoticias.com\/index.php\/wp-json\/wp\/v2\/media?parent=167979"}],"wp:term":[{"taxonomy":"category","embeddable":true,"href":"https:\/\/cdnoticias.com\/index.php\/wp-json\/wp\/v2\/categories?post=167979"},{"taxonomy":"post_tag","embeddable":true,"href":"https:\/\/cdnoticias.com\/index.php\/wp-json\/wp\/v2\/tags?post=167979"}],"curies":[{"name":"wp","href":"https:\/\/api.w.org\/{rel}","templated":true}]}}