{"id":167947,"date":"2025-04-01T11:04:35","date_gmt":"2025-04-01T14:04:35","guid":{"rendered":"https:\/\/cdnoticias.com\/?p=167947"},"modified":"2025-04-01T16:07:48","modified_gmt":"2025-04-01T19:07:48","slug":"las-naftas-aumentaron-175-promedio-los-precios-en-ypf-de-olavarria","status":"publish","type":"post","link":"https:\/\/cdnoticias.com\/index.php\/2025\/04\/01\/las-naftas-aumentaron-175-promedio-los-precios-en-ypf-de-olavarria\/","title":{"rendered":"Las naftas aumentaron 1,75% promedio: los precios en YPF de Olavarr\u00eda"},"content":{"rendered":"<p>Las principales petroleras aplicaron un nuevo ajuste, que va en l\u00ednea con la actualizaci\u00f3n parcial del impuesto a los Combustibles L\u00edquidos y al Di\u00f3xido de Carbono.<!--more--><\/p>\n<hr \/>\n<p>En medio de una <strong>ca\u00edda en el despacho de combustibles<\/strong> que acumula <strong>quince meses consecutivos<\/strong>, desde <strong>este martes comenz\u00f3 a regir un nuevo aumento de los precios de la nafta y el gasoil<\/strong> en los surtidores de las estaciones del pa\u00eds. <strong>Las YPF de Olavarr\u00eda ya lo reflejan.<\/strong><\/p>\n<p><strong>El incremento promedio fue del 1,75%<\/strong>, lo que suma un total del <strong>5,85% en lo que va del a\u00f1o<\/strong>. Esto va en l\u00ednea de la actualizaci\u00f3n parcial del <strong>impuesto a los Combustibles L\u00edquidos y al Di\u00f3xido de Carbono que se incrementaron un 4%<\/strong>, lo que provoc\u00f3 una suba en los surtidores.<\/p>\n<p>De acuerdo al<strong> Decreto 243\/2025<\/strong> publicado en el Bolet\u00edn Oficial, la <strong>actualizaci\u00f3n trimestral de estos impuestos<\/strong> se da a trav\u00e9s del \u00cdndice de Precios al Consumidor (IPC). La postergaci\u00f3n de estos aumentos en el \u00faltimo a\u00f1o fue <strong>uno de los mecanismos utilizados por el Gobierno para contener el precio final en surtidores<\/strong>, aunque con fuerte impacto en la recaudaci\u00f3n.<\/p>\n<p>El nuevo esquema regir\u00e1 para todos los hechos imponibles que se perfeccionen entre el 1\u00b0 y el 30 de abril inclusive, mientras que desde mayo comenzar\u00e1 a regir el incremento total por las actualizaciones acumuladas.<\/p>\n<blockquote><p>YPF, la petrolera estatal concentra el 60% del mercado local, fue la primera en actualizar los valores. En Olavarr\u00eda, el litro de nafta S\u00faper qued\u00f3 en 1.297 pesos (estaba a 1.276 pesos) y de Infinia subi\u00f3 que 1.553 pesos (era de 1.526 pesos). El Di\u00e9sel aument\u00f3 a 1.302 (desde 1.280 pesos) e Infinia Di\u00e9sel ahora cuesta 1.520 pesos por litro (estaba a 1.494 pesos).<\/p><\/blockquote>\n<p>En tanto, en la <em>Ciudad Aut\u00f3noma de Buenos Aires (CABA) los precios son levemente menores<\/em>: la nafta S\u00faper pas\u00f3 a $1.194 por litro; la Premium a $1.474; el Gasoil a $1.208 y el Gasoil G3 a $1.472 por litro.<\/p>\n<h3>Los precios de combustibles en la era Milei<\/h3>\n<p>Desde su llegada al poder, el <strong>presidente Javier Milei<\/strong> impuls\u00f3 una <strong>liberalizaci\u00f3n del precio local de los combustibles<\/strong> tras el atraso que dej\u00f3 la gesti\u00f3n anterior.<\/p>\n<blockquote><p>Esto representa, desde diciembre de 2023 hasta la actualidad, un ajuste en torno al 280% nominal, muy por encima de la inflaci\u00f3n acumulada en el per\u00edodo.<\/p><\/blockquote>\n<p>Sin embargo, la mayor parte de ese incremento se produjo en el inicio de la gesti\u00f3n libertaria; posteriormente, los aumentos se alinearon con el deslizamiento del tipo de cambio y la variaci\u00f3n del impuesto a los combustibles. De hecho, <strong>el Gobierno posterg\u00f3 de manera ininterrumpida, desde mayo del a\u00f1o pasado, la actualizaci\u00f3n del tributo<\/strong> basada en la variaci\u00f3n trimestral del \u00cdndice de Precios al Consumidor (IPC) del Indec.<\/p>\n<p>En este contexto,<strong> el despacho de combustible sigue siendo negativo para el mercado<\/strong>. De hecho, en febrero, la venta total de combustibles en Argentina alcanz\u00f3 1.309.505 metros c\u00fabicos, reflejando una ca\u00edda del 4% interanual y del 7,9% respecto a enero, sumando as\u00ed quince meses consecutivos de contracci\u00f3n, seg\u00fan un informe de Politikon Chaco basado en datos oficiales de la Secretar\u00eda de Energ\u00eda.<\/p>\n<p>Fuente: <em>Agencia DIB<\/em><\/p>\n","protected":false},"excerpt":{"rendered":"<p>Las principales petroleras aplicaron un nuevo ajuste, que va en l\u00ednea con la actualizaci\u00f3n parcial del impuesto a los Combustibles<\/p>\n","protected":false},"author":4,"featured_media":167948,"comment_status":"closed","ping_status":"closed","sticky":false,"template":"","format":"standard","meta":{"_jetpack_memberships_contains_paid_content":false,"footnotes":""},"categories":[5,1],"tags":[],"class_list":["post-167947","post","type-post","status-publish","format-standard","has-post-thumbnail","hentry","category-informacion-general","category-portada"],"jetpack_featured_media_url":"https:\/\/i0.wp.com\/cdnoticias.com\/wp-content\/uploads\/2025\/04\/combustible-precios-YPF-marzo-2025.jpg?fit=900%2C502&ssl=1","jetpack_sharing_enabled":true,"_links":{"self":[{"href":"https:\/\/cdnoticias.com\/index.php\/wp-json\/wp\/v2\/posts\/167947","targetHints":{"allow":["GET"]}}],"collection":[{"href":"https:\/\/cdnoticias.com\/index.php\/wp-json\/wp\/v2\/posts"}],"about":[{"href":"https:\/\/cdnoticias.com\/index.php\/wp-json\/wp\/v2\/types\/post"}],"author":[{"embeddable":true,"href":"https:\/\/cdnoticias.com\/index.php\/wp-json\/wp\/v2\/users\/4"}],"replies":[{"embeddable":true,"href":"https:\/\/cdnoticias.com\/index.php\/wp-json\/wp\/v2\/comments?post=167947"}],"version-history":[{"count":0,"href":"https:\/\/cdnoticias.com\/index.php\/wp-json\/wp\/v2\/posts\/167947\/revisions"}],"wp:featuredmedia":[{"embeddable":true,"href":"https:\/\/cdnoticias.com\/index.php\/wp-json\/wp\/v2\/media\/167948"}],"wp:attachment":[{"href":"https:\/\/cdnoticias.com\/index.php\/wp-json\/wp\/v2\/media?parent=167947"}],"wp:term":[{"taxonomy":"category","embeddable":true,"href":"https:\/\/cdnoticias.com\/index.php\/wp-json\/wp\/v2\/categories?post=167947"},{"taxonomy":"post_tag","embeddable":true,"href":"https:\/\/cdnoticias.com\/index.php\/wp-json\/wp\/v2\/tags?post=167947"}],"curies":[{"name":"wp","href":"https:\/\/api.w.org\/{rel}","templated":true}]}}