{"id":167937,"date":"2025-03-31T20:22:28","date_gmt":"2025-03-31T23:22:28","guid":{"rendered":"https:\/\/cdnoticias.com\/?p=167937"},"modified":"2025-03-31T20:22:30","modified_gmt":"2025-03-31T23:22:30","slug":"hubo-cerca-de-400-anotados-en-la-inscripcion-al-barrio-ceco-iii","status":"publish","type":"post","link":"https:\/\/cdnoticias.com\/index.php\/2025\/03\/31\/hubo-cerca-de-400-anotados-en-la-inscripcion-al-barrio-ceco-iii\/","title":{"rendered":"Hubo cerca de 400 anotados en la inscripci\u00f3n al barrio CECO III"},"content":{"rendered":"\n<p>Fue confirmado por el gremio este lunes. En funci\u00f3n a la gran demanda de afiliados mercantiles, \u201cse analiza por estas horas si se instrumenta la apertura a familias de la comunidad\u201d. La inscripci\u00f3n fue catalogada como \u201cun \u00e9xito\u201d.<\/p>\n\n\n\n<hr class=\"wp-block-separator aligncenter has-alpha-channel-opacity\"\/>\n\n\n\n<p>El Centro Empleados de Comercio Olavarr\u00eda dio a conocer este lunes <strong>detalles sobre la inscripci\u00f3n a las viviendas del barrio CECO III. Fueron 390 las familias mercantiles que se anotaron desde el 19 de marzo hasta este lunes 31 de marzo y fue exclusiva para los afiliados y afiliadas al sindicato mercantil.<\/strong><\/p>\n\n\n\n<p>La inscripci\u00f3n<em> \u201csuper\u00f3 con creces las expectativas ya que fueron m\u00e1s de 390 los afiliados y afiliadas que completaron el registro para acceder a cada una de las viviendas que el gremio viene construyendo en este nuevo barrio\u201d <\/em>indicaron.<\/p>\n\n\n\n<p>Recordaron, que <strong>en esta primera etapa se proyecta culminar y entregar 42 casas, tr\u00e1mite que estar\u00e1 listo una vez que los postulantes sean sorteados entre quienes cumplan con los requisitos necesarios para la adjudicaci\u00f3n.<\/strong><\/p>\n\n\n\n<p>El secretario general mercantil Miguel Santell\u00e1n asegur\u00f3 que <em>\u201cestamos muy contentos y conformes por c\u00f3mo fue la respuesta y la alta adhesi\u00f3n de los trabajadores de comercio a esta nueva iniciativa. La inscripci\u00f3n se ha desarrollado de manera impecable y fue verdaderamente un \u00e9xito que super\u00f3 nuestras expectativas\u201d.<\/em><\/p>\n\n\n\n<p><strong>En los pr\u00f3ximos d\u00edas comenzar\u00e1 el periodo de an\u00e1lisis de documentaci\u00f3n,<\/strong> y en este sentido agreg\u00f3:<em> \u201ctenemos que analizar cada caso y reunir toda la documentaci\u00f3n, pero estamos cada vez m\u00e1s cerca de ayudar a cumplir el sue\u00f1o de nuestros afiliados y afiliadas de tener su casa propia, de contar con un espacio para desarrollar su vida y progresar en comunidad\u201d<\/em> agreg\u00f3 Santell\u00e1n.<\/p>\n\n\n\n<p>Un dato importante es que, <strong>en funci\u00f3n a la gran demanda entre los adheridos a la entidad mercantil, se analiza por estas horas si se instrumenta la apertura para la inscripci\u00f3n a familias de la comunidad y, de ser as\u00ed, se ver\u00e1 con el municipio c\u00f3mo se llevar\u00eda adelante esa acci\u00f3n.<\/strong> Lo que s\u00ed es un hecho que el proceso iniciado hace unas semanas hoy qued\u00f3 finalizado, y se comunicar\u00e1 en los pr\u00f3ximos d\u00edas las novedades.<\/p>\n","protected":false},"excerpt":{"rendered":"<p>Fue confirmado por el gremio este lunes. En funci\u00f3n a la gran demanda de afiliados mercantiles, \u201cse analiza por estas<\/p>\n","protected":false},"author":2,"featured_media":167938,"comment_status":"closed","ping_status":"closed","sticky":false,"template":"","format":"standard","meta":{"_jetpack_memberships_contains_paid_content":false,"footnotes":""},"categories":[5,1],"tags":[],"class_list":["post-167937","post","type-post","status-publish","format-standard","has-post-thumbnail","hentry","category-informacion-general","category-portada"],"jetpack_featured_media_url":"https:\/\/i0.wp.com\/cdnoticias.com\/wp-content\/uploads\/2025\/03\/WhatsApp-Image-2025-03-31-at-18.43.22.jpeg?fit=1600%2C900&ssl=1","jetpack_sharing_enabled":true,"_links":{"self":[{"href":"https:\/\/cdnoticias.com\/index.php\/wp-json\/wp\/v2\/posts\/167937","targetHints":{"allow":["GET"]}}],"collection":[{"href":"https:\/\/cdnoticias.com\/index.php\/wp-json\/wp\/v2\/posts"}],"about":[{"href":"https:\/\/cdnoticias.com\/index.php\/wp-json\/wp\/v2\/types\/post"}],"author":[{"embeddable":true,"href":"https:\/\/cdnoticias.com\/index.php\/wp-json\/wp\/v2\/users\/2"}],"replies":[{"embeddable":true,"href":"https:\/\/cdnoticias.com\/index.php\/wp-json\/wp\/v2\/comments?post=167937"}],"version-history":[{"count":0,"href":"https:\/\/cdnoticias.com\/index.php\/wp-json\/wp\/v2\/posts\/167937\/revisions"}],"wp:featuredmedia":[{"embeddable":true,"href":"https:\/\/cdnoticias.com\/index.php\/wp-json\/wp\/v2\/media\/167938"}],"wp:attachment":[{"href":"https:\/\/cdnoticias.com\/index.php\/wp-json\/wp\/v2\/media?parent=167937"}],"wp:term":[{"taxonomy":"category","embeddable":true,"href":"https:\/\/cdnoticias.com\/index.php\/wp-json\/wp\/v2\/categories?post=167937"},{"taxonomy":"post_tag","embeddable":true,"href":"https:\/\/cdnoticias.com\/index.php\/wp-json\/wp\/v2\/tags?post=167937"}],"curies":[{"name":"wp","href":"https:\/\/api.w.org\/{rel}","templated":true}]}}