{"id":167931,"date":"2025-03-31T20:01:32","date_gmt":"2025-03-31T23:01:32","guid":{"rendered":"https:\/\/cdnoticias.com\/?p=167931"},"modified":"2025-04-01T10:56:21","modified_gmt":"2025-04-01T13:56:21","slug":"presentaron-la-rendicion-de-cuentas-2024-con-casi-1-500-millones-de-superavit","status":"publish","type":"post","link":"https:\/\/cdnoticias.com\/index.php\/2025\/03\/31\/presentaron-la-rendicion-de-cuentas-2024-con-casi-1-500-millones-de-superavit\/","title":{"rendered":"Presentaron la Rendici\u00f3n de Cuentas 2024 con casi 1.500 millones de super\u00e1vit"},"content":{"rendered":"\n<p>Fue en la ma\u00f1ana de este lunes en el Concejo Deliberante. \u201cEn un contexto sumamente adverso logramos revertir el d\u00e9ficit\u201d dijo el Intendente que estuvo en el lugar.<\/p>\n\n\n\n<hr class=\"wp-block-separator aligncenter has-alpha-channel-opacity\"\/>\n\n\n\n<p>En la fecha l\u00edmite para su presentaci\u00f3n, <strong>este lunes por el ma\u00f1ana el Intendente junto a funcionarias municipales presentaron la Rendici\u00f3n de Cuentas 2024, que arroj\u00f3 un saldo positivo de casi 1.500 millones de pesos en super\u00e1vit.<\/strong><\/p>\n\n\n\n<p>Fue <em>\u201cen cumplimiento de lo dispuesto en el Art\u00edculo 165\u00ba inc. 5\u00ba de la Ley Org\u00e1nica de las Municipalidades\u201d<\/em> que el Ejecutivo present\u00f3 la Rendici\u00f3n de Cuentas por el ejercicio cerrado el 31 de diciembre de 2024. <strong>Dicho ejercicio arroj\u00f3 un saldo superavitario de 1.428.172.526,14 pesos, seg\u00fan lo expresado en Sistema RAFAM.<\/strong><\/p>\n\n\n\n<p>Se detall\u00f3 adem\u00e1s el <strong>Resultado Ejecutado por el per\u00edodo anual 2024 que b\u00e1sicamente surge de incorporar las disponibilidades del ejercicio anterior y el endeudamiento del ejercicio arrib\u00e1ndose a un Resultado Ejecutado negativo de $ 562.829.078,78.<\/strong><\/p>\n\n\n\n<figure class=\"wp-block-image size-large\"><img data-recalc-dims=\"1\" loading=\"lazy\" decoding=\"async\" width=\"800\" height=\"523\" src=\"https:\/\/i0.wp.com\/cdnoticias.com\/wp-content\/uploads\/2025\/03\/33ab72be-d087-4c2b-b672-4c23baf6682f.jpeg?resize=800%2C523&#038;ssl=1\" alt=\"\" class=\"wp-image-167935\" srcset=\"https:\/\/i0.wp.com\/cdnoticias.com\/wp-content\/uploads\/2025\/03\/33ab72be-d087-4c2b-b672-4c23baf6682f.jpeg?resize=1024%2C669&amp;ssl=1 1024w, https:\/\/i0.wp.com\/cdnoticias.com\/wp-content\/uploads\/2025\/03\/33ab72be-d087-4c2b-b672-4c23baf6682f.jpeg?resize=300%2C196&amp;ssl=1 300w, https:\/\/i0.wp.com\/cdnoticias.com\/wp-content\/uploads\/2025\/03\/33ab72be-d087-4c2b-b672-4c23baf6682f.jpeg?resize=768%2C502&amp;ssl=1 768w, https:\/\/i0.wp.com\/cdnoticias.com\/wp-content\/uploads\/2025\/03\/33ab72be-d087-4c2b-b672-4c23baf6682f.jpeg?resize=1536%2C1003&amp;ssl=1 1536w, https:\/\/i0.wp.com\/cdnoticias.com\/wp-content\/uploads\/2025\/03\/33ab72be-d087-4c2b-b672-4c23baf6682f.jpeg?w=1600&amp;ssl=1 1600w\" sizes=\"auto, (max-width: 800px) 100vw, 800px\" \/><\/figure>\n\n\n\n<p>Estos n\u00fameros <strong>se compararon con la Rendici\u00f3n de Cuentas 2023, que ten\u00edan un d\u00e9ficit de m\u00e1s de 2 mil millones de pesos<\/strong>, <em>\u201cel cual no contemplaba una cantidad significativa de redeterminaciones de obras y contratos del ejercicio 2023, donde el atraso administrativo hab\u00eda sido excesivamente notorio y elevado al momento del traspaso de gesti\u00f3n, y que se devengaron, regularizaron y pagaron en el ejercicio 2024\u201d.<\/em><\/p>\n\n\n\n<blockquote class=\"wp-block-quote is-layout-flow wp-block-quote-is-layout-flow\">\n<p>\u201cEn un contexto sumamente adverso logramos revertir el d\u00e9ficit. Desde la gesti\u00f3n asumimos la responsabilidad de cuidar cada peso que ingresa sin desatender la paritaria municipal, cumpliendo con los pagos de redeterminaciones de obras y prestando mayores servicios. A su vez logramos acortar los tiempos de pago, se regularizaron a 30 d\u00edas, fecha normal de pago en un esquema sano financiero del Municipio\u201d, indic\u00f3 el intendente Wesner.<\/p>\n<\/blockquote>\n\n\n\n<p>En ese mismo sentido desde el Ejecutivo destacaron:<em> \u201cContinuamos trabajando con una fuerte interacci\u00f3n, en equipo, para consolidar las acciones llevadas a cabo durante 2024, tambi\u00e9n encarar nuevas y profundizar las ya iniciadas que nos permitan consolidar este saneamiento econ\u00f3mico con un manejo responsable de las arcas p\u00fablicas y tener mayor disponibilidad de recursos para afrontar todos los objetivos propuestos\u201d.<\/em><\/p>\n","protected":false},"excerpt":{"rendered":"<p>Fue en la ma\u00f1ana de este lunes en el Concejo Deliberante. \u201cEn un contexto sumamente adverso logramos revertir el d\u00e9ficit\u201d<\/p>\n","protected":false},"author":2,"featured_media":167933,"comment_status":"closed","ping_status":"closed","sticky":false,"template":"","format":"standard","meta":{"_jetpack_memberships_contains_paid_content":false,"footnotes":""},"categories":[4,1],"tags":[],"class_list":["post-167931","post","type-post","status-publish","format-standard","has-post-thumbnail","hentry","category-politica","category-portada"],"jetpack_featured_media_url":"https:\/\/i0.wp.com\/cdnoticias.com\/wp-content\/uploads\/2025\/03\/1a0a707c-122d-4e22-951e-fde35ac59b1d.jpeg?fit=1600%2C1066&ssl=1","jetpack_sharing_enabled":true,"_links":{"self":[{"href":"https:\/\/cdnoticias.com\/index.php\/wp-json\/wp\/v2\/posts\/167931","targetHints":{"allow":["GET"]}}],"collection":[{"href":"https:\/\/cdnoticias.com\/index.php\/wp-json\/wp\/v2\/posts"}],"about":[{"href":"https:\/\/cdnoticias.com\/index.php\/wp-json\/wp\/v2\/types\/post"}],"author":[{"embeddable":true,"href":"https:\/\/cdnoticias.com\/index.php\/wp-json\/wp\/v2\/users\/2"}],"replies":[{"embeddable":true,"href":"https:\/\/cdnoticias.com\/index.php\/wp-json\/wp\/v2\/comments?post=167931"}],"version-history":[{"count":0,"href":"https:\/\/cdnoticias.com\/index.php\/wp-json\/wp\/v2\/posts\/167931\/revisions"}],"wp:featuredmedia":[{"embeddable":true,"href":"https:\/\/cdnoticias.com\/index.php\/wp-json\/wp\/v2\/media\/167933"}],"wp:attachment":[{"href":"https:\/\/cdnoticias.com\/index.php\/wp-json\/wp\/v2\/media?parent=167931"}],"wp:term":[{"taxonomy":"category","embeddable":true,"href":"https:\/\/cdnoticias.com\/index.php\/wp-json\/wp\/v2\/categories?post=167931"},{"taxonomy":"post_tag","embeddable":true,"href":"https:\/\/cdnoticias.com\/index.php\/wp-json\/wp\/v2\/tags?post=167931"}],"curies":[{"name":"wp","href":"https:\/\/api.w.org\/{rel}","templated":true}]}}