{"id":167920,"date":"2025-03-31T18:54:23","date_gmt":"2025-03-31T21:54:23","guid":{"rendered":"https:\/\/cdnoticias.com\/?p=167920"},"modified":"2025-04-01T08:24:19","modified_gmt":"2025-04-01T11:24:19","slug":"fue-identificado-el-joven-que-fallecio-luego-de-perder-el-control-de-su-motocicleta","status":"publish","type":"post","link":"https:\/\/cdnoticias.com\/index.php\/2025\/03\/31\/fue-identificado-el-joven-que-fallecio-luego-de-perder-el-control-de-su-motocicleta\/","title":{"rendered":"Fue identificado el joven que falleci\u00f3 luego de perder el control de su motocicleta"},"content":{"rendered":"\n<p>El hecho ocurri\u00f3 esta tarde en Jun\u00edn al 1400. Ten\u00eda 22 a\u00f1os. &nbsp;<\/p>\n\n\n\n<hr class=\"wp-block-separator aligncenter has-alpha-channel-opacity\"\/>\n\n\n\n<p>En la tarde de este lunes, <strong>Comando de Patrullas Olavarr\u00eda<\/strong> a ra\u00edz de un llamado al 911 se hizo presente en el <strong>accidente de tr\u00e1nsito que involucr\u00f3 a un joven motociclista.&nbsp;<\/strong><\/p>\n\n\n\n<p><\/p>\n\n\n\n<p>El joven <strong>habr\u00eda perdido el control de su motocicleta<\/strong> e <strong>impact\u00f3 contra una columna de alumbrado p\u00fablico<\/strong> <strong>cayendo al suelo<\/strong>. Las circunstancias del hecho a\u00fan se est\u00e1n tratando de establecer.&nbsp;<\/p>\n\n\n\n<p><\/p>\n\n\n\n<figure class=\"wp-block-image aligncenter size-full\"><img data-recalc-dims=\"1\" loading=\"lazy\" decoding=\"async\" width=\"800\" height=\"450\" src=\"https:\/\/i0.wp.com\/cdnoticias.com\/wp-content\/uploads\/2025\/03\/accidente-fallecido-junin-cortes1jpg.jpg?resize=800%2C450&#038;ssl=1\" alt=\"\" class=\"wp-image-167885\" srcset=\"https:\/\/i0.wp.com\/cdnoticias.com\/wp-content\/uploads\/2025\/03\/accidente-fallecido-junin-cortes1jpg.jpg?w=900&amp;ssl=1 900w, https:\/\/i0.wp.com\/cdnoticias.com\/wp-content\/uploads\/2025\/03\/accidente-fallecido-junin-cortes1jpg.jpg?resize=300%2C169&amp;ssl=1 300w, https:\/\/i0.wp.com\/cdnoticias.com\/wp-content\/uploads\/2025\/03\/accidente-fallecido-junin-cortes1jpg.jpg?resize=768%2C432&amp;ssl=1 768w\" sizes=\"auto, (max-width: 800px) 100vw, 800px\" \/><\/figure>\n\n\n\n<p><\/p>\n\n\n\n<blockquote class=\"wp-block-quote is-layout-flow wp-block-quote-is-layout-flow\">\n<p>Finalmente, el joven de 22 a\u00f1os fue identificado como Abraham Ariel Arias, quien circulaba con una motocicleta Honda.<\/p>\n<\/blockquote>\n\n\n\n<p><\/p>\n\n\n\n<p>Se hizo presente una ambulancia del SAME a cargo del<strong> Doctor Diaz Mario quien constat\u00f3 el fallecimiento del joven<\/strong> en el lugar.&nbsp; Asimismo, particip\u00f3 Polic\u00eda Cient\u00edfica y se recogi\u00f3 la motocicleta involucrada.&nbsp;&nbsp;<\/p>\n\n\n\n<p><\/p>\n\n\n\n<p>El hecho fue caratulado como \u201c<strong>muerte por accidente\u201d<\/strong> e interviene la UFI N\u00ba4 a cargo de la doctora Mar\u00eda Paula Serrano.<\/p>\n\n\n\n<p><\/p>\n","protected":false},"excerpt":{"rendered":"<p>El hecho ocurri\u00f3 esta tarde en Jun\u00edn al 1400. Ten\u00eda 22 a\u00f1os. &nbsp; En la tarde de este lunes, Comando<\/p>\n","protected":false},"author":6,"featured_media":167890,"comment_status":"closed","ping_status":"closed","sticky":false,"template":"","format":"standard","meta":{"_jetpack_memberships_contains_paid_content":false,"footnotes":""},"categories":[14,1],"tags":[],"class_list":["post-167920","post","type-post","status-publish","format-standard","has-post-thumbnail","hentry","category-policiales","category-portada"],"jetpack_featured_media_url":"https:\/\/i0.wp.com\/cdnoticias.com\/wp-content\/uploads\/2025\/03\/accidente-junin-cortes.jpg?fit=1000%2C600&ssl=1","jetpack_sharing_enabled":true,"_links":{"self":[{"href":"https:\/\/cdnoticias.com\/index.php\/wp-json\/wp\/v2\/posts\/167920","targetHints":{"allow":["GET"]}}],"collection":[{"href":"https:\/\/cdnoticias.com\/index.php\/wp-json\/wp\/v2\/posts"}],"about":[{"href":"https:\/\/cdnoticias.com\/index.php\/wp-json\/wp\/v2\/types\/post"}],"author":[{"embeddable":true,"href":"https:\/\/cdnoticias.com\/index.php\/wp-json\/wp\/v2\/users\/6"}],"replies":[{"embeddable":true,"href":"https:\/\/cdnoticias.com\/index.php\/wp-json\/wp\/v2\/comments?post=167920"}],"version-history":[{"count":0,"href":"https:\/\/cdnoticias.com\/index.php\/wp-json\/wp\/v2\/posts\/167920\/revisions"}],"wp:featuredmedia":[{"embeddable":true,"href":"https:\/\/cdnoticias.com\/index.php\/wp-json\/wp\/v2\/media\/167890"}],"wp:attachment":[{"href":"https:\/\/cdnoticias.com\/index.php\/wp-json\/wp\/v2\/media?parent=167920"}],"wp:term":[{"taxonomy":"category","embeddable":true,"href":"https:\/\/cdnoticias.com\/index.php\/wp-json\/wp\/v2\/categories?post=167920"},{"taxonomy":"post_tag","embeddable":true,"href":"https:\/\/cdnoticias.com\/index.php\/wp-json\/wp\/v2\/tags?post=167920"}],"curies":[{"name":"wp","href":"https:\/\/api.w.org\/{rel}","templated":true}]}}