{"id":167909,"date":"2025-04-03T18:00:21","date_gmt":"2025-04-03T21:00:21","guid":{"rendered":"https:\/\/cdnoticias.com\/?p=167909"},"modified":"2025-04-03T18:00:24","modified_gmt":"2025-04-03T21:00:24","slug":"charla-hacia-escuelas-heterogeneas-que-incluyan-estudiantes-con-tea","status":"publish","type":"post","link":"https:\/\/cdnoticias.com\/index.php\/2025\/04\/03\/charla-hacia-escuelas-heterogeneas-que-incluyan-estudiantes-con-tea\/","title":{"rendered":"Charla \u201cHacia escuelas heterog\u00e9neas que incluyan estudiantes con TEA\u201d"},"content":{"rendered":"\n<p>La jornada se realizar\u00e1 el pr\u00f3ximo 12 de abril en el Teatro Municipal, con entrada libre y gratuita. Inscripci\u00f3n abierta.&nbsp;<\/p>\n\n\n\n<hr class=\"wp-block-separator aligncenter has-alpha-channel-opacity\"\/>\n\n\n\n<p>Ante el creciente inter\u00e9s en la tem\u00e1tica se reabri\u00f3 la inscripci\u00f3n para participar de la<strong> charla abierta<\/strong> denominada \u201c<strong>Hacia escuelas heterog\u00e9neas que incluyan estudiantes con TEA\u201d<\/strong>, que ser\u00e1 encabezada por el<strong> profesor Eduardo Sotelo, referente nacional en neurodiversidad.<\/strong><\/p>\n\n\n\n<p><\/p>\n\n\n\n<p>La jornada se realizar\u00e1 el pr\u00f3ximo <strong>12 de abril en el Teatro Municipal, con entrada libre y gratuita<\/strong>. Aquellas personas interesadas en participar deber\u00e1n anotarse previamente a trav\u00e9s del formulario online al que se accede haciendo <strong><a href=\"https:\/\/docs.google.com\/forms\/d\/e\/1FAIpQLSfIvFHaxi07UBvKUmy-qI73UvIud-FMRYdpwBz47WnJ8LzKYw\/viewform\" target=\"_blank\" rel=\"noreferrer noopener\">click aqu\u00ed<\/a>.<\/strong><\/p>\n\n\n\n<p><\/p>\n\n\n\n<p>Se trata de una interesante propuesta organizada por el Colegio Libertas, con el acompa\u00f1amiento del Municipio a trav\u00e9s de la Direcci\u00f3n de Discapacidad y Personas Mayores, pero tambi\u00e9n en articulaci\u00f3n con otras \u00e1reas de la comuna.<\/p>\n\n\n\n<p><\/p>\n\n\n\n<p>La invitaci\u00f3n es abierta a toda la comunidad, pero <strong>dirigida con especial \u00e9nfasis a personal docente,<\/strong> formadores tanto en el \u00e1mbito tanto escolar como as\u00ed tambi\u00e9n deportivo, por lo que la convocatoria se hace extensiva a instituciones educativas, pero tambi\u00e9n deportivas e inclusive del \u00e1mbito de la salud.<\/p>\n\n\n\n<p><\/p>\n\n\n\n<p>Cabe aclarar que <strong>la inscripci\u00f3n es con cupo limitado<\/strong> hasta completar la capacidad de la sala del Teatro.<\/p>\n","protected":false},"excerpt":{"rendered":"<p>La jornada se realizar\u00e1 el pr\u00f3ximo 12 de abril en el Teatro Municipal, con entrada libre y gratuita. Inscripci\u00f3n abierta.&nbsp;<\/p>\n","protected":false},"author":6,"featured_media":50377,"comment_status":"closed","ping_status":"closed","sticky":false,"template":"","format":"standard","meta":{"_jetpack_memberships_contains_paid_content":false,"footnotes":""},"categories":[5,1],"tags":[],"class_list":["post-167909","post","type-post","status-publish","format-standard","has-post-thumbnail","hentry","category-informacion-general","category-portada"],"jetpack_featured_media_url":"https:\/\/i0.wp.com\/cdnoticias.com\/wp-content\/uploads\/2022\/03\/Teatro-Municipal-drone-01.jpg?fit=800%2C445&ssl=1","jetpack_sharing_enabled":true,"_links":{"self":[{"href":"https:\/\/cdnoticias.com\/index.php\/wp-json\/wp\/v2\/posts\/167909","targetHints":{"allow":["GET"]}}],"collection":[{"href":"https:\/\/cdnoticias.com\/index.php\/wp-json\/wp\/v2\/posts"}],"about":[{"href":"https:\/\/cdnoticias.com\/index.php\/wp-json\/wp\/v2\/types\/post"}],"author":[{"embeddable":true,"href":"https:\/\/cdnoticias.com\/index.php\/wp-json\/wp\/v2\/users\/6"}],"replies":[{"embeddable":true,"href":"https:\/\/cdnoticias.com\/index.php\/wp-json\/wp\/v2\/comments?post=167909"}],"version-history":[{"count":0,"href":"https:\/\/cdnoticias.com\/index.php\/wp-json\/wp\/v2\/posts\/167909\/revisions"}],"wp:featuredmedia":[{"embeddable":true,"href":"https:\/\/cdnoticias.com\/index.php\/wp-json\/wp\/v2\/media\/50377"}],"wp:attachment":[{"href":"https:\/\/cdnoticias.com\/index.php\/wp-json\/wp\/v2\/media?parent=167909"}],"wp:term":[{"taxonomy":"category","embeddable":true,"href":"https:\/\/cdnoticias.com\/index.php\/wp-json\/wp\/v2\/categories?post=167909"},{"taxonomy":"post_tag","embeddable":true,"href":"https:\/\/cdnoticias.com\/index.php\/wp-json\/wp\/v2\/tags?post=167909"}],"curies":[{"name":"wp","href":"https:\/\/api.w.org\/{rel}","templated":true}]}}