{"id":167894,"date":"2025-03-31T17:16:22","date_gmt":"2025-03-31T20:16:22","guid":{"rendered":"https:\/\/cdnoticias.com\/?p=167894"},"modified":"2025-03-31T17:16:51","modified_gmt":"2025-03-31T20:16:51","slug":"esta-semana-finalizara-el-historico-noticiero-local-de-azul","status":"publish","type":"post","link":"https:\/\/cdnoticias.com\/index.php\/2025\/03\/31\/esta-semana-finalizara-el-historico-noticiero-local-de-azul\/","title":{"rendered":"Esta semana finalizar\u00e1 el hist\u00f3rico noticiero local de Azul"},"content":{"rendered":"\n<p>Fue anunciado este lunes por los actuales conductores, Carolina Di Cataldo y Pablo Schiro. La vecina ciudad perder\u00e1 una importante referencia informativa para la comunidad.<\/p>\n\n\n\n<hr class=\"wp-block-separator aligncenter has-alpha-channel-opacity\"\/>\n\n\n\n<p><em>Foto y Fuente: Diario El Tiempo de Azul<\/em><\/p>\n\n\n\n<p><strong>El noticiero local de Azul, &#8220;Somos Noticias&#8221;, dejar\u00e1 de emitirse el pr\u00f3ximo jueves a las 13, en lo que representa el cierre de un ciclo de m\u00e1s de 43 a\u00f1os en la televisi\u00f3n local. <\/strong>La decisi\u00f3n se enmarca en una pol\u00edtica de la empresa Flow, ex Cablevisi\u00f3n, que ya ha discontinuado su servicio de noticias en otras ciudades del pa\u00eds.<\/p>\n\n\n\n<p>El anuncio fue realizado este lunes por los actuales conductores del noticiero, Carolina Di Cataldo y Pablo Schiro, quienes confirmaron el rumor que circulaba desde hace varias semanas. <strong>La noticia marca el final de un espacio informativo que form\u00f3 parte de la vida cotidiana de la comunidad y por el que pasaron numerosos periodistas a lo largo de las d\u00e9cadas,<\/strong> como Silvia Gallicchio, Roberto Maum\u00fas, Carlos Comparato, Enrique Flores, Miguel Di Spalatro, Natalia Colom\u00e9 y Mirta De la Torre, entre otros.<\/p>\n\n\n\n<p>El cierre de &#8220;Somos Noticias&#8221; tambi\u00e9n implica la p\u00e9rdida de empleo para su equipo t\u00e9cnico y de producci\u00f3n, quienes desempe\u00f1aron un papel clave en la continuidad del informativo. <strong>&#8220;La noticia que no quer\u00edamos dar&#8221;, expres\u00f3 Schiro al cierre de la emisi\u00f3n del lunes, antes de anunciar que esta ser\u00e1 la \u00faltima semana del noticiero.<\/strong><\/p>\n\n\n\n<p>Por su parte, Di Cataldo record\u00f3 que el canal local fue creado el 16 de diciembre de 1981 y destac\u00f3 el v\u00ednculo construido con la comunidad a lo largo de los a\u00f1os. <em><strong>&#8220;Para nosotros es mucho m\u00e1s que un servicio informativo o que una hora para compartir juntos&#8221;<\/strong><\/em>, afirm\u00f3.<\/p>\n\n\n\n<p>El cese de la emisi\u00f3n de <strong><em>&#8220;Somos Noticias&#8221;<\/em><\/strong> <strong>se suma a un contexto de crisis para el periodismo, especialmente en el interior del pa\u00eds, donde la sustentabilidad de los medios locales enfrenta crecientes desaf\u00edos econ\u00f3micos.<\/strong> La desaparici\u00f3n del hist\u00f3rico noticiero deja a Azul sin un espacio televisivo de noticias, generando un vac\u00edo informativo que impacta tanto a los trabajadores del medio como a la comunidad que durante d\u00e9cadas lo tuvo como referencia.<\/p>\n\n\n\n<p><\/p>\n","protected":false},"excerpt":{"rendered":"<p>Fue anunciado este lunes por los actuales conductores, Carolina Di Cataldo y Pablo Schiro. La vecina ciudad perder\u00e1 una importante<\/p>\n","protected":false},"author":2,"featured_media":167896,"comment_status":"closed","ping_status":"closed","sticky":false,"template":"","format":"standard","meta":{"_jetpack_memberships_contains_paid_content":false,"footnotes":""},"categories":[6,1],"tags":[],"class_list":["post-167894","post","type-post","status-publish","format-standard","has-post-thumbnail","hentry","category-nacionales","category-portada"],"jetpack_featured_media_url":"https:\/\/i0.wp.com\/cdnoticias.com\/wp-content\/uploads\/2025\/03\/somos-notiicas-azul.jpg?fit=762%2C428&ssl=1","jetpack_sharing_enabled":true,"_links":{"self":[{"href":"https:\/\/cdnoticias.com\/index.php\/wp-json\/wp\/v2\/posts\/167894","targetHints":{"allow":["GET"]}}],"collection":[{"href":"https:\/\/cdnoticias.com\/index.php\/wp-json\/wp\/v2\/posts"}],"about":[{"href":"https:\/\/cdnoticias.com\/index.php\/wp-json\/wp\/v2\/types\/post"}],"author":[{"embeddable":true,"href":"https:\/\/cdnoticias.com\/index.php\/wp-json\/wp\/v2\/users\/2"}],"replies":[{"embeddable":true,"href":"https:\/\/cdnoticias.com\/index.php\/wp-json\/wp\/v2\/comments?post=167894"}],"version-history":[{"count":0,"href":"https:\/\/cdnoticias.com\/index.php\/wp-json\/wp\/v2\/posts\/167894\/revisions"}],"wp:featuredmedia":[{"embeddable":true,"href":"https:\/\/cdnoticias.com\/index.php\/wp-json\/wp\/v2\/media\/167896"}],"wp:attachment":[{"href":"https:\/\/cdnoticias.com\/index.php\/wp-json\/wp\/v2\/media?parent=167894"}],"wp:term":[{"taxonomy":"category","embeddable":true,"href":"https:\/\/cdnoticias.com\/index.php\/wp-json\/wp\/v2\/categories?post=167894"},{"taxonomy":"post_tag","embeddable":true,"href":"https:\/\/cdnoticias.com\/index.php\/wp-json\/wp\/v2\/tags?post=167894"}],"curies":[{"name":"wp","href":"https:\/\/api.w.org\/{rel}","templated":true}]}}