{"id":167892,"date":"2025-04-05T09:55:03","date_gmt":"2025-04-05T12:55:03","guid":{"rendered":"https:\/\/cdnoticias.com\/?p=167892"},"modified":"2025-04-05T09:55:04","modified_gmt":"2025-04-05T12:55:04","slug":"poesia-visual-en-el-centro-cultural-universitario","status":"publish","type":"post","link":"https:\/\/cdnoticias.com\/index.php\/2025\/04\/05\/poesia-visual-en-el-centro-cultural-universitario\/","title":{"rendered":"\u201cPoes\u00eda visual\u201d en el Centro Cultural Universitario\u00a0"},"content":{"rendered":"\n<p>El taller es gratuito para todo p\u00fablico y comenzar\u00e1 el viernes 25 de abril a cargo de las profesoras Nerina Tosi y Gabriela Sala.<\/p>\n\n\n\n<hr class=\"wp-block-separator aligncenter has-alpha-channel-opacity\"\/>\n\n\n\n<p>El ciclo de talleres abiertos a la comunidad \u201cConectarte\u201d invita a participar de su nuevo taller: &#8220;<strong>Poes\u00eda Visual&#8221; <\/strong>a cargo de las profesoras<strong> Nerina Tosi y Gabriela Sala.<\/strong><\/p>\n\n\n\n<p><\/p>\n\n\n\n<p>El taller <strong>comenzar\u00e1 el viernes 25 de abril <\/strong>y se llevar\u00e1 a cabo<strong> todos los viernes de 18:00 a 20:00 horas en el Centro Cultural Universitario <\/strong>ubicado en San Mart\u00edn 1955.\u00a0<\/p>\n\n\n\n<p><\/p>\n\n\n\n<blockquote class=\"wp-block-quote is-layout-flow wp-block-quote-is-layout-flow\">\n<p>El mismo tiene como objetivo fusionar la palabra\/concepto y la imagen pl\u00e1stico-visual a partir de disparadores l\u00fadico-expresivos que permitan construir narrativas po\u00e9ticas-metaf\u00f3ricas que se representen a trav\u00e9s de producciones art\u00edsticas.<\/p>\n<\/blockquote>\n\n\n\n<p><\/p>\n\n\n\n<p>El arte contempor\u00e1neo se manifiesta en la escena con una m\u00faltiple posibilidad de propuestas mat\u00e9ricas, po\u00e9ticas de su transformaci\u00f3n que se presentan a trav\u00e9s de diversas construcciones metaf\u00f3ricas.&nbsp;<\/p>\n\n\n\n<p><\/p>\n\n\n\n<p>Para esta oportunidad la din\u00e1mica de taller<strong> ser\u00e1 relacionando la palabra <\/strong>(la palabra dicha, la palabra, escrita, la palabra como volumen en el espacio, la palabra proyectada sobre los cuerpos, la palabra en la narrativa audiovisual)<strong> en fusi\u00f3n con la imagen visual <\/strong>(bi, tridimensional y\/o digital) como modo de exploraci\u00f3n de las m\u00faltiples acciones art\u00edsticas). <\/p>\n\n\n\n<p><\/p>\n\n\n\n<p>La participaci\u00f3n es <strong>gratuita, abierta a la comunidad y no requiere experiencia previa.<\/strong> Es una oportunidad para experimentar, aprender y conectar con el arte de manera distinta. Para Inscripciones: meanotoculturaunicen@gmail.com<\/p>\n\n\n\n<p><\/p>\n","protected":false},"excerpt":{"rendered":"<p>El taller es gratuito para todo p\u00fablico y comenzar\u00e1 el viernes 25 de abril a cargo de las profesoras Nerina<\/p>\n","protected":false},"author":6,"featured_media":167893,"comment_status":"closed","ping_status":"closed","sticky":false,"template":"","format":"standard","meta":{"_jetpack_memberships_contains_paid_content":false,"footnotes":""},"categories":[9,1],"tags":[],"class_list":["post-167892","post","type-post","status-publish","format-standard","has-post-thumbnail","hentry","category-cultura","category-portada"],"jetpack_featured_media_url":"https:\/\/i0.wp.com\/cdnoticias.com\/wp-content\/uploads\/2025\/03\/poesia-visual-taller.png?fit=853%2C592&ssl=1","jetpack_sharing_enabled":true,"_links":{"self":[{"href":"https:\/\/cdnoticias.com\/index.php\/wp-json\/wp\/v2\/posts\/167892","targetHints":{"allow":["GET"]}}],"collection":[{"href":"https:\/\/cdnoticias.com\/index.php\/wp-json\/wp\/v2\/posts"}],"about":[{"href":"https:\/\/cdnoticias.com\/index.php\/wp-json\/wp\/v2\/types\/post"}],"author":[{"embeddable":true,"href":"https:\/\/cdnoticias.com\/index.php\/wp-json\/wp\/v2\/users\/6"}],"replies":[{"embeddable":true,"href":"https:\/\/cdnoticias.com\/index.php\/wp-json\/wp\/v2\/comments?post=167892"}],"version-history":[{"count":0,"href":"https:\/\/cdnoticias.com\/index.php\/wp-json\/wp\/v2\/posts\/167892\/revisions"}],"wp:featuredmedia":[{"embeddable":true,"href":"https:\/\/cdnoticias.com\/index.php\/wp-json\/wp\/v2\/media\/167893"}],"wp:attachment":[{"href":"https:\/\/cdnoticias.com\/index.php\/wp-json\/wp\/v2\/media?parent=167892"}],"wp:term":[{"taxonomy":"category","embeddable":true,"href":"https:\/\/cdnoticias.com\/index.php\/wp-json\/wp\/v2\/categories?post=167892"},{"taxonomy":"post_tag","embeddable":true,"href":"https:\/\/cdnoticias.com\/index.php\/wp-json\/wp\/v2\/tags?post=167892"}],"curies":[{"name":"wp","href":"https:\/\/api.w.org\/{rel}","templated":true}]}}