{"id":167884,"date":"2025-03-31T16:47:14","date_gmt":"2025-03-31T19:47:14","guid":{"rendered":"https:\/\/cdnoticias.com\/?p=167884"},"modified":"2025-03-31T18:54:51","modified_gmt":"2025-03-31T21:54:51","slug":"fallecio-un-motociclista-tras-chocar-contra-un-cesto-de-basura","status":"publish","type":"post","link":"https:\/\/cdnoticias.com\/index.php\/2025\/03\/31\/fallecio-un-motociclista-tras-chocar-contra-un-cesto-de-basura\/","title":{"rendered":"Falleci\u00f3 un motociclista tras chocar contra un cesto de basura"},"content":{"rendered":"\n<p>Seg\u00fan algunos testigos, el joven hab\u00eda perdido el control de su motocicleta.&nbsp;El hecho sucedi\u00f3 entre las calles Jun\u00edn y Cort\u00e9s.<\/p>\n\n\n\n<hr class=\"wp-block-separator aligncenter has-alpha-channel-opacity\"\/>\n\n\n\n<p>En la tarde de este lunes,<strong> un joven motociclista choc\u00f3 contra un cesto de basura <\/strong>y <strong>producto del impacto falleci\u00f3.&nbsp;<\/strong><\/p>\n\n\n\n<p><\/p>\n\n\n\n<blockquote class=\"wp-block-quote is-layout-flow wp-block-quote-is-layout-flow\">\n<p>Seg\u00fan algunos testigos, el joven hab\u00eda perdido el control de su motocicleta 250 cc y llevaba puesto el casco correspondiente.<\/p>\n<\/blockquote>\n\n\n\n<p><\/p>\n\n\n\n<p>El hecho sucedi\u00f3 entre las calles <strong>Jun\u00edn y Cort\u00e9s<\/strong>. En el lugar trabaj\u00f3 personal policial para reacomodar el tr\u00e1nsito y una ambulancia del sistema p\u00fablico de salud. <\/p>\n\n\n\n<p><\/p>\n\n\n\n<p><em>Noticia en desarrollo\u2026<\/em><\/p>\n\n\n\n<p><\/p>\n","protected":false},"excerpt":{"rendered":"<p>Seg\u00fan algunos testigos, el joven hab\u00eda perdido el control de su motocicleta.&nbsp;El hecho sucedi\u00f3 entre las calles Jun\u00edn y Cort\u00e9s.<\/p>\n","protected":false},"author":6,"featured_media":167885,"comment_status":"closed","ping_status":"closed","sticky":false,"template":"","format":"standard","meta":{"_jetpack_memberships_contains_paid_content":false,"footnotes":""},"categories":[14,1],"tags":[],"class_list":["post-167884","post","type-post","status-publish","format-standard","has-post-thumbnail","hentry","category-policiales","category-portada"],"jetpack_featured_media_url":"https:\/\/i0.wp.com\/cdnoticias.com\/wp-content\/uploads\/2025\/03\/accidente-fallecido-junin-cortes1jpg.jpg?fit=900%2C506&ssl=1","jetpack_sharing_enabled":true,"_links":{"self":[{"href":"https:\/\/cdnoticias.com\/index.php\/wp-json\/wp\/v2\/posts\/167884","targetHints":{"allow":["GET"]}}],"collection":[{"href":"https:\/\/cdnoticias.com\/index.php\/wp-json\/wp\/v2\/posts"}],"about":[{"href":"https:\/\/cdnoticias.com\/index.php\/wp-json\/wp\/v2\/types\/post"}],"author":[{"embeddable":true,"href":"https:\/\/cdnoticias.com\/index.php\/wp-json\/wp\/v2\/users\/6"}],"replies":[{"embeddable":true,"href":"https:\/\/cdnoticias.com\/index.php\/wp-json\/wp\/v2\/comments?post=167884"}],"version-history":[{"count":0,"href":"https:\/\/cdnoticias.com\/index.php\/wp-json\/wp\/v2\/posts\/167884\/revisions"}],"wp:featuredmedia":[{"embeddable":true,"href":"https:\/\/cdnoticias.com\/index.php\/wp-json\/wp\/v2\/media\/167885"}],"wp:attachment":[{"href":"https:\/\/cdnoticias.com\/index.php\/wp-json\/wp\/v2\/media?parent=167884"}],"wp:term":[{"taxonomy":"category","embeddable":true,"href":"https:\/\/cdnoticias.com\/index.php\/wp-json\/wp\/v2\/categories?post=167884"},{"taxonomy":"post_tag","embeddable":true,"href":"https:\/\/cdnoticias.com\/index.php\/wp-json\/wp\/v2\/tags?post=167884"}],"curies":[{"name":"wp","href":"https:\/\/api.w.org\/{rel}","templated":true}]}}