{"id":167870,"date":"2025-03-31T14:25:56","date_gmt":"2025-03-31T17:25:56","guid":{"rendered":"https:\/\/cdnoticias.com\/?p=167870"},"modified":"2025-03-31T18:31:55","modified_gmt":"2025-03-31T21:31:55","slug":"campana-de-concientizacion-por-el-autismo-la-neurodivergencia-nos-atraviesa-a-todos","status":"publish","type":"post","link":"https:\/\/cdnoticias.com\/index.php\/2025\/03\/31\/campana-de-concientizacion-por-el-autismo-la-neurodivergencia-nos-atraviesa-a-todos\/","title":{"rendered":"Campa\u00f1a de concientizaci\u00f3n por el autismo: \u201cla neurodivergencia nos atraviesa a todos\u201d"},"content":{"rendered":"Lo destac\u00f3 Maite Salerno de Familias TDAH, asociaci\u00f3n civil que lanz\u00f3 una propuesta para que las familias env\u00eden fotos. \u201cPedimos que todos se sumen\u201d dijo.<!--more-->\n\n<hr \/>\n\n<strong>Familias TDAH Olavarr\u00eda<\/strong> lanz\u00f3 una <strong>campa\u00f1a de concientizaci\u00f3n sobre el autismo<\/strong> de cara al d\u00eda internacional. Para ello convocan a las familias a <strong>enviar fotos para incorporar a un video<\/strong> que la asociaci\u00f3n civil difundir\u00e1 el mi\u00e9rcoles 2 de abril.\n<blockquote>Sobre el tema habl\u00f3 Maite Salerno, de Familias TDAH, en el programa Levantate por Radio Sapiens (FM 102.7). \u201cPueden mandar tanto a familias TDAH en Instagram por privado o algunos la suben en Facebook en los comentarios y las bajamos. Tambi\u00e9n al 2284-226850 que es mi n\u00famero. Nos env\u00edan una foto de la familia nada m\u00e1s. Pueden sumar un hashtag si la quieren acomodar, \u201chablemos de autismo\u201d, \u201chagamos visible lo invisible\u201d o \u201cTDAH Olavarr\u00eda\u201d. Vamos a tomar las fotos esta noche o ma\u00f1ana a primera hora. Ma\u00f1ana armamos el video para el mi\u00e9rcoles\u201d explic\u00f3.<\/blockquote>\nLa asociaci\u00f3n civil Familias TDAH Olavarr\u00eda <strong>conmemorar\u00e1 con ese video el 2 de abril D\u00eda Internacional de la Concientizaci\u00f3n sobre el Autismo<\/strong>.<em> \u201cLo que solicitamos, lo que pedimos es que todos se sumen<\/em>, como se han sumado clubes, diferentes espacios pol\u00edticos, familias de la comunidad -independientemente de que est\u00e9n en el grupo o no-, con una foto de la familia y <em>que hagamos visible lo invisible, hablemos de autismo, que es el hashtag de esta jornada en todo el pa\u00eds\u201d<\/em> dijo.\n\nDesde la conformaci\u00f3n del grupo hasta la actualidad<strong> \u201cempezaron a participar familias neurodiversas. O sea que no son solamente TDAH, sino que son familias con un peque\u00f1o con diagn\u00f3stico de neurodivergencia<\/strong>. Y bueno, llegado a este 2 de abril, que es el D\u00eda Internacional de la Concientizaci\u00f3n sobre el Autismo, pens\u00e1bamos que pod\u00edamos hacer <strong>una jornada que impacta mucho\u201d<\/strong>. Explic\u00f3 que la intenci\u00f3n de difundir el video es \u201cempezar a hablar un poco tambi\u00e9n que la gente, no solamente las familias, sino<strong> toda la comunidad entienda qu\u00e9 son estas neurodivergencias y de qu\u00e9 se tratan\u201d<\/strong>.\n\n<figure id=\"attachment_96077\" aria-describedby=\"caption-attachment-96077\" style=\"width: 800px\" class=\"wp-caption aligncenter\"><img data-recalc-dims=\"1\" loading=\"lazy\" decoding=\"async\" class=\"wp-image-96077 size-full\" src=\"https:\/\/i0.wp.com\/cdnoticias.com\/wp-content\/uploads\/2023\/09\/HCD-maite-salerno.jpg?resize=800%2C445&#038;ssl=1\" alt=\"\" width=\"800\" height=\"445\" srcset=\"https:\/\/i0.wp.com\/cdnoticias.com\/wp-content\/uploads\/2023\/09\/HCD-maite-salerno.jpg?w=800&amp;ssl=1 800w, https:\/\/i0.wp.com\/cdnoticias.com\/wp-content\/uploads\/2023\/09\/HCD-maite-salerno.jpg?resize=300%2C167&amp;ssl=1 300w, https:\/\/i0.wp.com\/cdnoticias.com\/wp-content\/uploads\/2023\/09\/HCD-maite-salerno.jpg?resize=768%2C427&amp;ssl=1 768w\" sizes=\"auto, (max-width: 800px) 100vw, 800px\" \/><figcaption id=\"caption-attachment-96077\" class=\"wp-caption-text\">Maite Salerno.<\/figcaption><\/figure>\n<blockquote>Maite Salerno subray\u00f3 que \u201cla neurodivergencia nos atraviesa a todos. Cuando uno ve las estad\u00edsticas estamos hablando de que 3 de cada 10 chicos es neurodivergente. Entonces es importante que la sociedad empiece a entender esas cosas para empezar a acompa\u00f1ar y empatizar con las familias que s\u00ed lo son\u201d.<\/blockquote>\nLa referente sostuvo que este tipo de campa\u00f1as producen impacto.<strong> \u201cEn especial ac\u00e1 en Olavarr\u00eda s\u00ed debemos reconocer que hemos hecho ruido\u201d<\/strong> dijo. Se refiri\u00f3 al <strong>aumento de las consultas<\/strong> que la entidad recibe tras las distintas actividades y campa\u00f1as que lleva a cabo.<em> \u201cLa semana pasada fue terrible la cantidad de gente que nos empez\u00f3 a preguntar a veces c\u00f3mo llegar al diagn\u00f3stico<\/em> porque empieza a seguirnos en redes, empieza a ver el contenido que subimos d\u00eda a d\u00eda\u201d indic\u00f3.\n\nM\u00e1s adelante tambi\u00e9n resalt\u00f3, en cuanto a la posibilidad de dictar los diagn\u00f3sticos, que <strong>\u201choy en d\u00eda ya tenemos en Olavarr\u00eda una cantidad de profesionales excelentes<\/strong>, del mismo nivel que pod\u00e9s encontrar en Buenos Aires, <strong>distintos centros de psicopedagogos, de terapistas<\/strong>. Tenemos un mont\u00f3n de posibilidades y de profesionales que antes no ten\u00edamos\u201d. En cuanto al \u00e1mbito educativo, resalt\u00f3 que<strong> los docentes muestran predisposici\u00f3n<\/strong> para con los estudiantes que presentan la condici\u00f3n, pero que no cuentan con formaci\u00f3n espec\u00edfica: <strong>\u201cen los institutos de formaci\u00f3n docente no se habla de neurodivergencia<\/strong>. Entonces eso les falta, s\u00ed, quiz\u00e1s un poco m\u00e1s de capacitaci\u00f3n, no as\u00ed de ganas\u201d.\n<blockquote>Ante la consulta en la entrevista radial, Salerno explic\u00f3 que \u201ccuando se habla de neurodivergencia se habla de hacer visible o invisible. Es justamente porque son todas condiciones que uno no las ve, no es una discapacidad, sino es una condici\u00f3n que te acompa\u00f1a a lo largo de toda la vida, pero que se puede con terapias, tratamientos, a veces es necesaria medicaci\u00f3n, y con un buen equipo de profesionales al lado, para poder mejorar el d\u00eda a d\u00eda\u201d.<\/blockquote>\nLa integrante de Familias TDAH resalt\u00f3 <strong>la importancia de lograr un diagn\u00f3stico profesional<\/strong> m\u00e1s all\u00e1 de la edad de las personas. En ese sentido cont\u00f3 que<strong> \u201cnos sorprendi\u00f3 este verano, m\u00e1s que nada en la asociaci\u00f3n, fue la cantidad de adultos que se quisieron sumar.<\/strong> Entonces cuando me preguntan si hay m\u00e1s diagn\u00f3sticos: <strong>s\u00ed, hay m\u00e1s diagn\u00f3sticos y hay m\u00e1s inquietud tambi\u00e9n en los adultos, por querer diagnosticarse\u201d<\/strong>.\n<blockquote class=\"instagram-media\" style=\"background: #FFF; border: 0; border-radius: 3px; box-shadow: 0 0 1px 0 rgba(0,0,0,0.5),0 1px 10px 0 rgba(0,0,0,0.15); margin: 1px; max-width: 540px; min-width: 326px; padding: 0; width: calc(100% - 2px);\" data-instgrm-captioned=\"\" data-instgrm-permalink=\"https:\/\/www.instagram.com\/p\/DHs5az-u4JF\/?utm_source=ig_embed&amp;utm_campaign=loading\" data-instgrm-version=\"14\">\n<div style=\"padding: 16px;\">\n<div style=\"display: flex; flex-direction: row; align-items: center;\">\n<div style=\"background-color: #f4f4f4; border-radius: 50%; flex-grow: 0; height: 40px; margin-right: 14px; width: 40px;\"><\/div>\n<div style=\"display: flex; flex-direction: column; flex-grow: 1; justify-content: center;\">\n<div style=\"background-color: #f4f4f4; border-radius: 4px; flex-grow: 0; height: 14px; margin-bottom: 6px; width: 100px;\"><\/div>\n<div style=\"background-color: #f4f4f4; border-radius: 4px; flex-grow: 0; height: 14px; width: 60px;\"><\/div>\n<\/div>\n<\/div>\n<div style=\"padding: 19% 0;\"><\/div>\n<div style=\"display: block; height: 50px; margin: 0 auto 12px; width: 50px;\"><\/div>\n<div style=\"padding-top: 8px;\">\n<div style=\"color: #3897f0; font-family: Arial,sans-serif; font-size: 14px; font-style: normal; font-weight: 550; line-height: 18px;\">Ver esta publicaci\u00f3n en Instagram<\/div>\n<\/div>\n<div style=\"padding: 12.5% 0;\"><\/div>\n<div style=\"display: flex; flex-direction: row; margin-bottom: 14px; align-items: center;\">\n<div>\n<div style=\"background-color: #f4f4f4; border-radius: 50%; height: 12.5px; width: 12.5px; transform: translateX(0px) translateY(7px);\"><\/div>\n<div style=\"background-color: #f4f4f4; height: 12.5px; transform: rotate(-45deg) translateX(3px) translateY(1px); width: 12.5px; flex-grow: 0; margin-right: 14px; margin-left: 2px;\"><\/div>\n<div style=\"background-color: #f4f4f4; border-radius: 50%; height: 12.5px; width: 12.5px; transform: translateX(9px) translateY(-18px);\"><\/div>\n<\/div>\n<div style=\"margin-left: 8px;\">\n<div style=\"background-color: #f4f4f4; border-radius: 50%; flex-grow: 0; height: 20px; width: 20px;\"><\/div>\n<div style=\"width: 0; height: 0; border-top: 2px solid transparent; border-left: 6px solid #f4f4f4; border-bottom: 2px solid transparent; transform: translateX(16px) translateY(-4px) rotate(30deg);\"><\/div>\n<\/div>\n<div style=\"margin-left: auto;\">\n<div style=\"width: 0px; border-top: 8px solid #F4F4F4; border-right: 8px solid transparent; transform: translateY(16px);\"><\/div>\n<div style=\"background-color: #f4f4f4; flex-grow: 0; height: 12px; width: 16px; transform: translateY(-4px);\"><\/div>\n<div style=\"width: 0; height: 0; border-top: 8px solid #F4F4F4; border-left: 8px solid transparent; transform: translateY(-4px) translateX(8px);\"><\/div>\n<\/div>\n<\/div>\n<div style=\"display: flex; flex-direction: column; flex-grow: 1; justify-content: center; margin-bottom: 24px;\">\n<div style=\"background-color: #f4f4f4; border-radius: 4px; flex-grow: 0; height: 14px; margin-bottom: 6px; width: 224px;\"><\/div>\n<div style=\"background-color: #f4f4f4; border-radius: 4px; flex-grow: 0; height: 14px; width: 144px;\"><\/div>\n<\/div>\n<p style=\"color: #c9c8cd; font-family: Arial,sans-serif; font-size: 14px; line-height: 17px; margin-bottom: 0; margin-top: 8px; overflow: hidden; padding: 8px 0 7px; text-align: center; text-overflow: ellipsis; white-space: nowrap;\"><a style=\"color: #c9c8cd; font-family: Arial,sans-serif; font-size: 14px; font-style: normal; font-weight: normal; line-height: 17px; text-decoration: none;\" href=\"https:\/\/www.instagram.com\/p\/DHs5az-u4JF\/?utm_source=ig_embed&amp;utm_campaign=loading\" target=\"_blank\" rel=\"noopener\">Una publicaci\u00f3n compartida por Familias TDAH Olavarr\u00eda \ud83e\udde1 (@familiastdaholavarria)<\/a><\/p>\n\n<\/div><\/blockquote>\n<script async src=\"\/\/www.instagram.com\/embed.js\"><\/script>\n\n<!-- \/wp:post-content -->","protected":false},"excerpt":{"rendered":"<p>Lo destac\u00f3 Maite Salerno de Familias TDAH, asociaci\u00f3n civil que lanz\u00f3 una propuesta para que las familias env\u00eden fotos. \u201cPedimos<\/p>\n","protected":false},"author":4,"featured_media":121672,"comment_status":"closed","ping_status":"closed","sticky":false,"template":"","format":"standard","meta":{"_jetpack_memberships_contains_paid_content":false,"footnotes":""},"categories":[5,1],"tags":[],"class_list":["post-167870","post","type-post","status-publish","format-standard","has-post-thumbnail","hentry","category-informacion-general","category-portada"],"jetpack_featured_media_url":"https:\/\/i0.wp.com\/cdnoticias.com\/wp-content\/uploads\/2024\/07\/familias-TDH-martin-endere.jpg?fit=1000%2C556&ssl=1","jetpack_sharing_enabled":true,"_links":{"self":[{"href":"https:\/\/cdnoticias.com\/index.php\/wp-json\/wp\/v2\/posts\/167870","targetHints":{"allow":["GET"]}}],"collection":[{"href":"https:\/\/cdnoticias.com\/index.php\/wp-json\/wp\/v2\/posts"}],"about":[{"href":"https:\/\/cdnoticias.com\/index.php\/wp-json\/wp\/v2\/types\/post"}],"author":[{"embeddable":true,"href":"https:\/\/cdnoticias.com\/index.php\/wp-json\/wp\/v2\/users\/4"}],"replies":[{"embeddable":true,"href":"https:\/\/cdnoticias.com\/index.php\/wp-json\/wp\/v2\/comments?post=167870"}],"version-history":[{"count":0,"href":"https:\/\/cdnoticias.com\/index.php\/wp-json\/wp\/v2\/posts\/167870\/revisions"}],"wp:featuredmedia":[{"embeddable":true,"href":"https:\/\/cdnoticias.com\/index.php\/wp-json\/wp\/v2\/media\/121672"}],"wp:attachment":[{"href":"https:\/\/cdnoticias.com\/index.php\/wp-json\/wp\/v2\/media?parent=167870"}],"wp:term":[{"taxonomy":"category","embeddable":true,"href":"https:\/\/cdnoticias.com\/index.php\/wp-json\/wp\/v2\/categories?post=167870"},{"taxonomy":"post_tag","embeddable":true,"href":"https:\/\/cdnoticias.com\/index.php\/wp-json\/wp\/v2\/tags?post=167870"}],"curies":[{"name":"wp","href":"https:\/\/api.w.org\/{rel}","templated":true}]}}