{"id":167864,"date":"2025-04-01T08:05:41","date_gmt":"2025-04-01T11:05:41","guid":{"rendered":"https:\/\/cdnoticias.com\/?p=167864"},"modified":"2025-04-01T11:04:56","modified_gmt":"2025-04-01T14:04:56","slug":"necesitamos-recuperar-la-tranquilidad-en-la-noche-para-los-jovenes-y-sus-familias","status":"publish","type":"post","link":"https:\/\/cdnoticias.com\/index.php\/2025\/04\/01\/necesitamos-recuperar-la-tranquilidad-en-la-noche-para-los-jovenes-y-sus-familias\/","title":{"rendered":"\u201cNecesitamos recuperar la tranquilidad en la noche para los j\u00f3venes y sus familias\u201d"},"content":{"rendered":"<p>Los bloques Juntos por Olavarr\u00eda y Pro \u2013 ERF impulsaron un pedido de informe en el HCD para conocer la aplicaci\u00f3n del dispositivo \u201cMicaela y Nocturnidad\u201d.<!--more--><\/p>\n<hr \/>\n<p>En la ma\u00f1ana de este lunes, <strong>concejales opositores presentaron un pedido de informe al Ejecutivo Municipal<\/strong> que busca conocer <strong>si contin\u00faa implement\u00e1ndose el dispositivo \u201cMicaela y Nocturnidad\u201d<\/strong>, destinado a la capacitaci\u00f3n y acompa\u00f1amiento de propietarios y personal de locales nocturnos.<\/p>\n<p>Se record\u00f3 que se trata de <strong>un dispositivo que facilita herramientas para actuar en escenarios problem\u00e1ticos<\/strong> que involucran <strong>violencias de g\u00e9nero<\/strong>, y aportan informaci\u00f3n respecto al circuito de atenci\u00f3n integral con el que cuenta Olavarr\u00eda.<\/p>\n<blockquote><p>\u201cEl proyecto tiene origen a partir de los<a href=\"https:\/\/cdnoticias.com\/index.php\/2025\/03\/27\/denuncio-que-en-un-boliche-de-olavarria-fue-drogada-para-ser-abusada-sexualmente\/\" target=\"_blank\" rel=\"noopener\"> recientes casos denunciados<\/a> por j\u00f3venes de nuestra ciudad, relativos a intentos de abuso sufridos en los \u00faltimos fines de semana en distintos espacios de esparcimiento nocturnos\u201d apuntaron los bloques Juntos por Olavarr\u00eda y Pro \u2013 ERF, autores de la iniciativa. \u201cNecesitamos recuperar la tranquilidad en la noche para los j\u00f3venes y sus familias\u201d a\u00f1adieron.<\/p><\/blockquote>\n<p>Los ediles recordaron que <strong>en el a\u00f1o 2022 fue sancionada la ordenanza 4.919\/22<\/strong> con el objetivo de<strong> generar espacios libres de violencia y discriminaci\u00f3n<\/strong>, puntualmente en lo relativo al funcionamiento de<strong> lugares de esparcimiento nocturno<\/strong>.<\/p>\n<p><strong>\u201cNo estamos al tanto de la continuidad de este dispositivo<\/strong> y entendemos que resulta fundamental garantizar su funcionamiento. Por eso buscamos <strong>conocer la cantidad de capacitaciones impartidas en locales de esparcimiento en los \u00faltimos 12 meses<\/strong>, sobre todo porque <strong>abrieron nuevos espacios nocturnos<\/strong> en este \u00faltimo a\u00f1o\u201d se\u00f1alaron.<\/p>\n<p>El pedido de informes busca saber<strong> \u201clas medidas que haya adoptado el Municipio a partir de la masividad de los ataques denunciados<\/strong>; y la preocupaci\u00f3n creciente tanto en los j\u00f3venes como en sus familias, para poder volver a disfrutar de estos espacios sin temor a recibir ning\u00fan tipo de violencia\u201d, manifestaron.<\/p>\n","protected":false},"excerpt":{"rendered":"<p>Los bloques Juntos por Olavarr\u00eda y Pro \u2013 ERF impulsaron un pedido de informe en el HCD para conocer la<\/p>\n","protected":false},"author":4,"featured_media":167865,"comment_status":"closed","ping_status":"closed","sticky":false,"template":"","format":"standard","meta":{"_jetpack_memberships_contains_paid_content":false,"footnotes":""},"categories":[4,1],"tags":[],"class_list":["post-167864","post","type-post","status-publish","format-standard","has-post-thumbnail","hentry","category-politica","category-portada"],"jetpack_featured_media_url":"https:\/\/i0.wp.com\/cdnoticias.com\/wp-content\/uploads\/2025\/03\/HCD-amespil-maria-jose-gonzalez.jpg?fit=1000%2C556&ssl=1","jetpack_sharing_enabled":true,"_links":{"self":[{"href":"https:\/\/cdnoticias.com\/index.php\/wp-json\/wp\/v2\/posts\/167864","targetHints":{"allow":["GET"]}}],"collection":[{"href":"https:\/\/cdnoticias.com\/index.php\/wp-json\/wp\/v2\/posts"}],"about":[{"href":"https:\/\/cdnoticias.com\/index.php\/wp-json\/wp\/v2\/types\/post"}],"author":[{"embeddable":true,"href":"https:\/\/cdnoticias.com\/index.php\/wp-json\/wp\/v2\/users\/4"}],"replies":[{"embeddable":true,"href":"https:\/\/cdnoticias.com\/index.php\/wp-json\/wp\/v2\/comments?post=167864"}],"version-history":[{"count":0,"href":"https:\/\/cdnoticias.com\/index.php\/wp-json\/wp\/v2\/posts\/167864\/revisions"}],"wp:featuredmedia":[{"embeddable":true,"href":"https:\/\/cdnoticias.com\/index.php\/wp-json\/wp\/v2\/media\/167865"}],"wp:attachment":[{"href":"https:\/\/cdnoticias.com\/index.php\/wp-json\/wp\/v2\/media?parent=167864"}],"wp:term":[{"taxonomy":"category","embeddable":true,"href":"https:\/\/cdnoticias.com\/index.php\/wp-json\/wp\/v2\/categories?post=167864"},{"taxonomy":"post_tag","embeddable":true,"href":"https:\/\/cdnoticias.com\/index.php\/wp-json\/wp\/v2\/tags?post=167864"}],"curies":[{"name":"wp","href":"https:\/\/api.w.org\/{rel}","templated":true}]}}