{"id":167859,"date":"2025-03-31T11:49:22","date_gmt":"2025-03-31T14:49:22","guid":{"rendered":"https:\/\/cdnoticias.com\/?p=167859"},"modified":"2025-03-31T14:26:21","modified_gmt":"2025-03-31T17:26:21","slug":"elecciones-bonaerenses-bianco-califico-de-inconstitucional-el-proyecto-del-cristinismo","status":"publish","type":"post","link":"https:\/\/cdnoticias.com\/index.php\/2025\/03\/31\/elecciones-bonaerenses-bianco-califico-de-inconstitucional-el-proyecto-del-cristinismo\/","title":{"rendered":"Elecciones bonaerenses: Bianco calific\u00f3 de \u201cinconstitucional\u201d el proyecto del cristinismo"},"content":{"rendered":"<p>La interna en el peronismo provincial se profundiza. \u201cEst\u00e1 muy bien pedirle a Milei que respete la Constituci\u00f3n, pero tambi\u00e9n hay que respetarla en la provincia de Buenos Aires\u201d dijo.<!--more--><\/p>\n<hr \/>\n<p>El<strong> ministro de Gobierno bonaerense, Carlos Bianco,<\/strong> reafirm\u00f3 este lunes por la ma\u00f1ana la<strong> intenci\u00f3n de Axel Kicillof de desdoblar las elecciones en la provincia de Buenos Aires<\/strong>, tema que genera una <strong>feroz interna con Cristina Kirchner, M\u00e1ximo Kirchner y La C\u00e1mpora<\/strong>, quienes se resisten a esa iniciativa. Adem\u00e1s reclam\u00f3 <strong>que la Legislatura apruebe de una vez la suspensi\u00f3n de las PASO.<\/strong><\/p>\n<blockquote><p>El funcionario, mano derecha del gobernador, afirm\u00f3 que el <a href=\"https:\/\/cdnoticias.com\/index.php\/2025\/03\/27\/contra-kicillof-el-kirchnerismo-presento-un-proyecto-para-que-no-se-desdoblen-las-elecciones\/\" target=\"_blank\" rel=\"noopener\">proyecto impulsado por 16 senadores de Uni\u00f3n por la Patria<\/a> para suspender las elecciones primarias y establecer comicios concurrentes \u201ces claramente inconstitucional\u201d, y record\u00f3 que la atribuci\u00f3n de convocar elecciones corresponde exclusivamente al gobernador. Para hacerlo, ley\u00f3 el art\u00edculo 144 de la carta magna de la Provincia de Buenos Aires y chicane\u00f3: \u201cEst\u00e1 muy bien pedirle a Milei que respete la Constituci\u00f3n, pero tambi\u00e9n hay que respetarla en la provincia de Buenos Aires\u201d.<\/p><\/blockquote>\n<p>Durante la conferencia de prensa en la casa de gobierno bonaerense, Bianco plante\u00f3 que el<strong> debate interno en la coalici\u00f3n oficialista<\/strong> sobre el calendario electoral <strong>ven\u00eda avanzando en \u201cun marco de unidad\u201d<\/strong>, con coincidencias entre los distintos sectores en torno a la suspensi\u00f3n de las PASO y el fortalecimiento de una lista de unidad, pero todo naufrag\u00f3 por un gesto hostil del sector que responde al cristinismo.<\/p>\n<p>Bianco explic\u00f3 que <strong>exist\u00edan tres posturas<\/strong> sobre el cronograma: <strong>el gobernador Kicillof<\/strong> defiende el desdoblamiento antes de las elecciones nacionales; <strong>el Frente Renovador<\/strong> propon\u00eda hacerlo despu\u00e9s; y una<strong> tercera l\u00ednea (la que responde a M\u00e1ximo y a Cristina Kirchner)<\/strong> quiere mantener el esquema de elecciones concurrentes.<\/p>\n<blockquote><p>Seg\u00fan Bianco, la presentaci\u00f3n del proyecto por parte de los senadores kirchneristas fue \u201cintempestiva\u201d y equiparable a que \u201cel gobernador aprobara por decreto el presupuesto\u201d.<\/p><\/blockquote>\n<p><iframe loading=\"lazy\" title=\"YouTube video player\" src=\"https:\/\/www.youtube.com\/embed\/D6YqIKnW6EA?si=2MSSHMHOEGNDnpBx\" width=\"560\" height=\"315\" frameborder=\"0\" allowfullscreen=\"allowfullscreen\"><\/iframe><\/p>\n<h3>El rechazo del Gobernador y el pedido \u201curgente\u201d<\/h3>\n<p>En cuanto al <strong>sistema de votaci\u00f3n concurrente, Bianco sostuvo que los tiempos operativos hacen casi imposible su implementaci\u00f3n<\/strong> porque, si la elecci\u00f3n bonaerense se celebra el mismo d\u00eda que la nacional,<strong> el votante deber\u00eda usar dos sistemas electorales diferentes<\/strong> como son la Boleta \u00danica Papel (BUP) y la boleta s\u00e1bana tradicional.<\/p>\n<blockquote><p>En ese contexto -explic\u00f3 Bianco-, tras un simulacro realizado por el gobierno provincial, se estim\u00f3 que cada votante demorar\u00eda cuatro minutos en completar el proceso, lo que limitar\u00eda el flujo en cada mesa a unas 150 personas sobre un padr\u00f3n promedio de 350. \u201cQue me expliquen qu\u00e9 hacemos con los otros 200\u201d, expres\u00f3. \u201cLas elecciones concurrentes son inviables en la provincia de Buenos Aires\u201d, concluy\u00f3.<\/p><\/blockquote>\n<p>Adem\u00e1s, Bianco se refiri\u00f3 a las <strong>gestiones del Ejecutivo provincial ante la Legislatura bonaerense<\/strong>, a la que pidi\u00f3 que avance \u201cde forma urgente\u201d con la suspensi\u00f3n de las PASO.<\/p>\n<p><strong>Se prev\u00e9 una sesi\u00f3n para este jueves<\/strong>, en la que el oficialismo espera alcanzar un acuerdo. <strong>\u201cHay casi unanimidad. S\u00f3lo hay dos fuerzas pol\u00edticas que quieren mantener las PASO<\/strong>: la izquierda y la de Juan Grabois, que son muy minoritarias. Sin embargo, la suspensi\u00f3n no sucede. Entonces pasa algo raro que no se entiende\u201d se\u00f1al\u00f3 con suspicacia.<\/p>\n<p>En el mismo marco, Bianco tambi\u00e9n destac\u00f3 el<strong> respaldo de un amplio grupo de intendentes a la propuesta de suspender las PASO y desdoblar las elecciones provinciales<\/strong>. El viernes, 47 jefes comunales del peronismo y fuerzas vecinalistas, junto a otros dos, firmaron un comunicado conjunto en ese sentido. Cabe se\u00f1alar que <strong>de la S\u00e9ptima firm\u00f3 \u00fanicamente Gustavo Cocconi (Tapalqu\u00e9).<\/strong><\/p>\n<p>A ellos se sumaron <strong>intendentes de la Uni\u00f3n C\u00edvica Radical (UCR)<\/strong>, lo que eleva a 74 los mandatarios locales que expresaron su apoyo al desdoblamiento. \u201cS\u00f3lo un pu\u00f1ado de intendentes habl\u00f3 de la conveniencia de elecciones concurrentes\u201d, asegur\u00f3.<\/p>\n<blockquote><p>Finalmente, como gesto para no dinamitar definitivamente el puente de di\u00e1logo con el kirchnerismo, Bianco se refiri\u00f3 a la situaci\u00f3n judicial de Cristina Kirchner. Respald\u00f3 a la ex mandataria al rechazar las declaraciones del presidente Javier Milei, quien d\u00edas atr\u00e1s dijo que pronto \u201cva a ir presa\u201d.<\/p><\/blockquote>\n<p>\u201cNosotros repudiamos esas declaraciones. Hoy se present\u00f3 la queja ante la Corte Suprema. <strong>Esa causa Vialidad es un manual de persecuci\u00f3n pol\u00edtica, no existe una sola prueba de culpabilidad\u201d<\/strong>, afirm\u00f3 el funcionario, quien atribuy\u00f3 las palabras del jefe de Estado a la situaci\u00f3n econ\u00f3mica nacional:<em> \u201cEst\u00e1 un poco nervioso porque los asuntos econ\u00f3micos no le est\u00e1n yendo demasiado bien y comete m\u00e1s exabruptos de lo acostumbrado\u201d<\/em>.<\/p>\n<p>Fuente:<em> Infobae<\/em><\/p>\n","protected":false},"excerpt":{"rendered":"<p>La interna en el peronismo provincial se profundiza. \u201cEst\u00e1 muy bien pedirle a Milei que respete la Constituci\u00f3n, pero tambi\u00e9n<\/p>\n","protected":false},"author":4,"featured_media":167860,"comment_status":"closed","ping_status":"closed","sticky":false,"template":"","format":"standard","meta":{"_jetpack_memberships_contains_paid_content":false,"footnotes":""},"categories":[4,1],"tags":[],"class_list":["post-167859","post","type-post","status-publish","format-standard","has-post-thumbnail","hentry","category-politica","category-portada"],"jetpack_featured_media_url":"https:\/\/i0.wp.com\/cdnoticias.com\/wp-content\/uploads\/2025\/03\/carlos-bianco-constitucion.jpg?fit=1000%2C556&ssl=1","jetpack_sharing_enabled":true,"_links":{"self":[{"href":"https:\/\/cdnoticias.com\/index.php\/wp-json\/wp\/v2\/posts\/167859","targetHints":{"allow":["GET"]}}],"collection":[{"href":"https:\/\/cdnoticias.com\/index.php\/wp-json\/wp\/v2\/posts"}],"about":[{"href":"https:\/\/cdnoticias.com\/index.php\/wp-json\/wp\/v2\/types\/post"}],"author":[{"embeddable":true,"href":"https:\/\/cdnoticias.com\/index.php\/wp-json\/wp\/v2\/users\/4"}],"replies":[{"embeddable":true,"href":"https:\/\/cdnoticias.com\/index.php\/wp-json\/wp\/v2\/comments?post=167859"}],"version-history":[{"count":0,"href":"https:\/\/cdnoticias.com\/index.php\/wp-json\/wp\/v2\/posts\/167859\/revisions"}],"wp:featuredmedia":[{"embeddable":true,"href":"https:\/\/cdnoticias.com\/index.php\/wp-json\/wp\/v2\/media\/167860"}],"wp:attachment":[{"href":"https:\/\/cdnoticias.com\/index.php\/wp-json\/wp\/v2\/media?parent=167859"}],"wp:term":[{"taxonomy":"category","embeddable":true,"href":"https:\/\/cdnoticias.com\/index.php\/wp-json\/wp\/v2\/categories?post=167859"},{"taxonomy":"post_tag","embeddable":true,"href":"https:\/\/cdnoticias.com\/index.php\/wp-json\/wp\/v2\/tags?post=167859"}],"curies":[{"name":"wp","href":"https:\/\/api.w.org\/{rel}","templated":true}]}}