{"id":167856,"date":"2025-03-31T11:24:46","date_gmt":"2025-03-31T14:24:46","guid":{"rendered":"https:\/\/cdnoticias.com\/?p=167856"},"modified":"2025-03-31T12:50:57","modified_gmt":"2025-03-31T15:50:57","slug":"en-pocas-horas-recuperaron-dos-motos-robadas-en-olavarria","status":"publish","type":"post","link":"https:\/\/cdnoticias.com\/index.php\/2025\/03\/31\/en-pocas-horas-recuperaron-dos-motos-robadas-en-olavarria\/","title":{"rendered":"En pocas horas recuperaron dos motos robadas en Olavarr\u00eda"},"content":{"rendered":"<p>Las denuncias y los hallazgos se produjeron el domingo. Una Corven fue hallada en Islas Malvinas al 5000 y una Gilera, en Alsina al 1300. Intervinieron efectivos de Polic\u00eda Local.<!--more--><\/p>\n<hr \/>\n<p><strong>Este domingo<\/strong> fueron <strong>secuestradas dos motos<\/strong> por efectivos de <strong>Polic\u00eda Local<\/strong>. En concreto, se recuperaron <strong>veh\u00edculos denunciados como robados horas<\/strong> antes en Olavarr\u00eda.<\/p>\n<p>En<strong> Islas Malvinas al 5000<\/strong> los efectivos policiales dieron con <strong>una moto marca Corven modelo Energy 110 cc<\/strong> que no ten\u00eda dominio colocado, adem\u00e1s de faltante de cachas.<\/p>\n<p>El rodado, que estaba estacionado, <strong>presentaba similares caracter\u00edsticas a uno que hab\u00eda sido denunciado como robado el mismo domingo<\/strong>. Efectivamente, se estableci\u00f3 que el veh\u00edculo <strong>ten\u00eda un pedido de secuestro emitido el 30 de marzo por \u201churto\u201d<\/strong>.<\/p>\n<p>La moto fue <strong>secuestrada<\/strong> y se iniciaron<strong> actuaciones por \u201challazgo\u201d<\/strong> con intervenci\u00f3n de la Ayudant\u00eda Fiscal de Autores Ignorados. Las actuaciones se enviaron a la Comisar\u00eda Primera.<\/p>\n<p>Por otro lado, en<strong> Alsina al 1300<\/strong> tambi\u00e9n fue hallada estacionada una<strong> moto Gilera Smash 125 cc<\/strong> la que no ten\u00eda patente y la numeraci\u00f3n del chasis no era visible.<\/p>\n<p>De la misma manera, se determin\u00f3 que <strong>el rodado ten\u00eda pedido de secuestro emitido el mismo domingo por \u201churto\u201d<\/strong>.<\/p>\n<p>La moto fue <strong>secuestrada<\/strong> y se iniciaron actuaciones por <strong>\u201challazgo\u201d<\/strong> con intervenci\u00f3n de misma Ayudant\u00eda Fiscal.<\/p>\n","protected":false},"excerpt":{"rendered":"<p>Las denuncias y los hallazgos se produjeron el domingo. Una Corven fue hallada en Islas Malvinas al 5000 y una<\/p>\n","protected":false},"author":4,"featured_media":167857,"comment_status":"closed","ping_status":"closed","sticky":false,"template":"","format":"standard","meta":{"_jetpack_memberships_contains_paid_content":false,"footnotes":""},"categories":[14,1],"tags":[],"class_list":["post-167856","post","type-post","status-publish","format-standard","has-post-thumbnail","hentry","category-policiales","category-portada"],"jetpack_featured_media_url":"https:\/\/i0.wp.com\/cdnoticias.com\/wp-content\/uploads\/2025\/03\/motos-hallazgo-00.jpg?fit=990%2C551&ssl=1","jetpack_sharing_enabled":true,"_links":{"self":[{"href":"https:\/\/cdnoticias.com\/index.php\/wp-json\/wp\/v2\/posts\/167856","targetHints":{"allow":["GET"]}}],"collection":[{"href":"https:\/\/cdnoticias.com\/index.php\/wp-json\/wp\/v2\/posts"}],"about":[{"href":"https:\/\/cdnoticias.com\/index.php\/wp-json\/wp\/v2\/types\/post"}],"author":[{"embeddable":true,"href":"https:\/\/cdnoticias.com\/index.php\/wp-json\/wp\/v2\/users\/4"}],"replies":[{"embeddable":true,"href":"https:\/\/cdnoticias.com\/index.php\/wp-json\/wp\/v2\/comments?post=167856"}],"version-history":[{"count":0,"href":"https:\/\/cdnoticias.com\/index.php\/wp-json\/wp\/v2\/posts\/167856\/revisions"}],"wp:featuredmedia":[{"embeddable":true,"href":"https:\/\/cdnoticias.com\/index.php\/wp-json\/wp\/v2\/media\/167857"}],"wp:attachment":[{"href":"https:\/\/cdnoticias.com\/index.php\/wp-json\/wp\/v2\/media?parent=167856"}],"wp:term":[{"taxonomy":"category","embeddable":true,"href":"https:\/\/cdnoticias.com\/index.php\/wp-json\/wp\/v2\/categories?post=167856"},{"taxonomy":"post_tag","embeddable":true,"href":"https:\/\/cdnoticias.com\/index.php\/wp-json\/wp\/v2\/tags?post=167856"}],"curies":[{"name":"wp","href":"https:\/\/api.w.org\/{rel}","templated":true}]}}