{"id":167852,"date":"2025-03-31T10:39:10","date_gmt":"2025-03-31T13:39:10","guid":{"rendered":"https:\/\/cdnoticias.com\/?p=167852"},"modified":"2025-03-31T10:39:12","modified_gmt":"2025-03-31T13:39:12","slug":"andando-olavarria-sera-el-proximo-5-de-abril","status":"publish","type":"post","link":"https:\/\/cdnoticias.com\/index.php\/2025\/03\/31\/andando-olavarria-sera-el-proximo-5-de-abril\/","title":{"rendered":"Andando Olavarr\u00eda ser\u00e1 el pr\u00f3ximo 5 de abril"},"content":{"rendered":"<p>Debido a la postergaci\u00f3n de la Kreppel Fest, que ser\u00e1 el destino de la salida en bicicleta. Salida desde la Pista de Atletismo de Olavarr\u00eda.<!--more--><\/p>\n<hr \/>\n<p>El Municipio de Olavarr\u00eda informa a la comunidad que <strong>debido a la postergaci\u00f3n de la <a href=\"https:\/\/cdnoticias.com\/index.php\/2025\/03\/28\/la-kreppelfest-paso-para-abril\/\" target=\"_blank\" rel=\"noopener\">Kreppel Fest<\/a><\/strong> tambi\u00e9n <strong>se reprogram\u00f3 Andando Olavarr\u00eda<\/strong>, la salida en bicicleta organizada desde la Subsecretar\u00eda de Deportes, que precisamente para esta edici\u00f3n ten\u00eda como destino la tradicional fiesta que a\u00f1o a a\u00f1o convoca multitudes en Colonia Hinojo.<\/p>\n<p>La actividad <strong>se realizar\u00e1 el pr\u00f3ximo s\u00e1bado 5 de abril<\/strong> y las personas interesadas podr\u00e1n <strong>anotarse<\/strong> <a href=\"https:\/\/docs.google.com\/forms\/d\/1isbKu6lC7NaicMLbCuLxOSx7Jl2gQY4gmQPNwb9HkAI\/viewform?ts=67d00ee6&amp;edit_requested=true\" target=\"_blank\" rel=\"noopener\">a trav\u00e9s del formulario online<\/a>.<\/p>\n<p>La salida tendr\u00e1 como punto de <strong>concentraci\u00f3n la Pista Municipal de Atletismo, a las 14:30 horas<\/strong>.<\/p>\n<p>La invitaci\u00f3n es<strong> libre y gratuita<\/strong>, incluso podr\u00e1n ser parte personas menores de 18 a\u00f1os quienes deber\u00e1n concurrir al d\u00eda de la actividad acompa\u00f1adas por una persona mayor, la cual deber\u00e1 ser anotada tambi\u00e9n al momento de realizar la inscripci\u00f3n.<\/p>\n<p>Elementos obligatorios:<\/p>\n<ul>\n<li>Bicicleta en condiciones<\/li>\n<li>Casco<\/li>\n<li>Elementos m\u00ednimos de reparaci\u00f3n<\/li>\n<li>Agua o hidrataci\u00f3n<\/li>\n<li>Repelente<\/li>\n<li>Protector Solar<\/li>\n<li>Ropa c\u00f3moda<\/li>\n<\/ul>\n","protected":false},"excerpt":{"rendered":"<p>Debido a la postergaci\u00f3n de la Kreppel Fest, que ser\u00e1 el destino de la salida en bicicleta. Salida desde la<\/p>\n","protected":false},"author":4,"featured_media":167124,"comment_status":"closed","ping_status":"closed","sticky":false,"template":"","format":"standard","meta":{"_jetpack_memberships_contains_paid_content":false,"footnotes":""},"categories":[9,1],"tags":[],"class_list":["post-167852","post","type-post","status-publish","format-standard","has-post-thumbnail","hentry","category-cultura","category-portada"],"jetpack_featured_media_url":"https:\/\/i0.wp.com\/cdnoticias.com\/wp-content\/uploads\/2025\/03\/andando-olavarria-salidas-bicicleta.jpg?fit=900%2C599&ssl=1","jetpack_sharing_enabled":true,"_links":{"self":[{"href":"https:\/\/cdnoticias.com\/index.php\/wp-json\/wp\/v2\/posts\/167852","targetHints":{"allow":["GET"]}}],"collection":[{"href":"https:\/\/cdnoticias.com\/index.php\/wp-json\/wp\/v2\/posts"}],"about":[{"href":"https:\/\/cdnoticias.com\/index.php\/wp-json\/wp\/v2\/types\/post"}],"author":[{"embeddable":true,"href":"https:\/\/cdnoticias.com\/index.php\/wp-json\/wp\/v2\/users\/4"}],"replies":[{"embeddable":true,"href":"https:\/\/cdnoticias.com\/index.php\/wp-json\/wp\/v2\/comments?post=167852"}],"version-history":[{"count":0,"href":"https:\/\/cdnoticias.com\/index.php\/wp-json\/wp\/v2\/posts\/167852\/revisions"}],"wp:featuredmedia":[{"embeddable":true,"href":"https:\/\/cdnoticias.com\/index.php\/wp-json\/wp\/v2\/media\/167124"}],"wp:attachment":[{"href":"https:\/\/cdnoticias.com\/index.php\/wp-json\/wp\/v2\/media?parent=167852"}],"wp:term":[{"taxonomy":"category","embeddable":true,"href":"https:\/\/cdnoticias.com\/index.php\/wp-json\/wp\/v2\/categories?post=167852"},{"taxonomy":"post_tag","embeddable":true,"href":"https:\/\/cdnoticias.com\/index.php\/wp-json\/wp\/v2\/tags?post=167852"}],"curies":[{"name":"wp","href":"https:\/\/api.w.org\/{rel}","templated":true}]}}