{"id":167847,"date":"2025-03-31T09:43:37","date_gmt":"2025-03-31T12:43:37","guid":{"rendered":"https:\/\/cdnoticias.com\/?p=167847"},"modified":"2025-03-31T11:49:41","modified_gmt":"2025-03-31T14:49:41","slug":"este-lunes-encuentro-en-el-dia-internacional-de-la-visibilidad-travesti-trans","status":"publish","type":"post","link":"https:\/\/cdnoticias.com\/index.php\/2025\/03\/31\/este-lunes-encuentro-en-el-dia-internacional-de-la-visibilidad-travesti-trans\/","title":{"rendered":"Este lunes, encuentro en el D\u00eda Internacional de la Visibilidad Travesti Trans"},"content":{"rendered":"<p>A partir de las 16 se har\u00e1 en el Paseo Jes\u00fas Mend\u00eda. \u201cEn tiempos donde nuestros derechos siguen siendo vulnerados, nos hacemos presentes para seguir luchando\u201d se indic\u00f3.<!--more--><\/p>\n<hr \/>\n<p>Este<strong> lunes<\/strong> se conmemora el<strong> D\u00eda Internacional de la Visibilidad Travesti Trans<\/strong> y en ese marco se organiz\u00f3 una actividad en Olavarr\u00eda.<\/p>\n<p>La propuesta, abierta a la comunidad, es un encuentro<strong> desde las 16 en el Paseo Jes\u00fas Mend\u00eda<\/strong>.<\/p>\n<p>\u201cComo cada a\u00f1o, nos reunimos para conmemorar el D\u00eda Internacional de la Visibilidad Travesti Trans. En tiempos donde <strong>nuestros derechos siguen siendo vulnerados<\/strong>, nos hacemos presentes para<strong> seguir luchando, visibilizando nuestras historias y reivindicando nuestras conquistas<\/strong>. Siempre desde el amor y el respeto\u201d definieron las entidades organizadoras.<\/p>\n<p>Se trata de <em>Marcha del Orgullo Olavarr\u00eda, Criar con Alas, Espacio de Diversidad Sexual del Sindicato de Trabajadores Municipales, Socorristas Olavarr\u00eda y Fenix Voley.<\/em><\/p>\n","protected":false},"excerpt":{"rendered":"<p>A partir de las 16 se har\u00e1 en el Paseo Jes\u00fas Mend\u00eda. \u201cEn tiempos donde nuestros derechos siguen siendo vulnerados,<\/p>\n","protected":false},"author":4,"featured_media":167848,"comment_status":"closed","ping_status":"closed","sticky":false,"template":"","format":"standard","meta":{"_jetpack_memberships_contains_paid_content":false,"footnotes":""},"categories":[3,1],"tags":[],"class_list":["post-167847","post","type-post","status-publish","format-standard","has-post-thumbnail","hentry","category-genero","category-portada"],"jetpack_featured_media_url":"https:\/\/i0.wp.com\/cdnoticias.com\/wp-content\/uploads\/2025\/03\/dia-de-la-visibilidad-travesti-trans-2025.jpg?fit=800%2C445&ssl=1","jetpack_sharing_enabled":true,"_links":{"self":[{"href":"https:\/\/cdnoticias.com\/index.php\/wp-json\/wp\/v2\/posts\/167847","targetHints":{"allow":["GET"]}}],"collection":[{"href":"https:\/\/cdnoticias.com\/index.php\/wp-json\/wp\/v2\/posts"}],"about":[{"href":"https:\/\/cdnoticias.com\/index.php\/wp-json\/wp\/v2\/types\/post"}],"author":[{"embeddable":true,"href":"https:\/\/cdnoticias.com\/index.php\/wp-json\/wp\/v2\/users\/4"}],"replies":[{"embeddable":true,"href":"https:\/\/cdnoticias.com\/index.php\/wp-json\/wp\/v2\/comments?post=167847"}],"version-history":[{"count":0,"href":"https:\/\/cdnoticias.com\/index.php\/wp-json\/wp\/v2\/posts\/167847\/revisions"}],"wp:featuredmedia":[{"embeddable":true,"href":"https:\/\/cdnoticias.com\/index.php\/wp-json\/wp\/v2\/media\/167848"}],"wp:attachment":[{"href":"https:\/\/cdnoticias.com\/index.php\/wp-json\/wp\/v2\/media?parent=167847"}],"wp:term":[{"taxonomy":"category","embeddable":true,"href":"https:\/\/cdnoticias.com\/index.php\/wp-json\/wp\/v2\/categories?post=167847"},{"taxonomy":"post_tag","embeddable":true,"href":"https:\/\/cdnoticias.com\/index.php\/wp-json\/wp\/v2\/tags?post=167847"}],"curies":[{"name":"wp","href":"https:\/\/api.w.org\/{rel}","templated":true}]}}