{"id":167830,"date":"2025-03-30T20:14:37","date_gmt":"2025-03-30T23:14:37","guid":{"rendered":"https:\/\/cdnoticias.com\/?p=167830"},"modified":"2025-03-31T09:47:13","modified_gmt":"2025-03-31T12:47:13","slug":"un-joven-resulto-herido-de-bala-en-la-espalda-en-un-intento-de-robo","status":"publish","type":"post","link":"https:\/\/cdnoticias.com\/index.php\/2025\/03\/30\/un-joven-resulto-herido-de-bala-en-la-espalda-en-un-intento-de-robo\/","title":{"rendered":"Un joven result\u00f3 herido de bala en la espalda en un intento de robo"},"content":{"rendered":"\n<p>El joven se encuentra internado en el Hospital Municipal y est\u00e1 fuera de peligro tras el accionar del personal de salud que lo oper\u00f3.<\/p>\n\n\n\n<hr class=\"wp-block-separator aligncenter has-alpha-channel-opacity\"\/>\n\n\n\n<p>En las \u00faltimas horas<strong>, un joven de 27 a\u00f1os result\u00f3 herido de bala en la espalda en un intento de robo, en la zona de Cerrito y Estrada.<\/strong><\/p>\n\n\n\n<p>Seg\u00fan se inform\u00f3 de forma oficial, <strong>el joven caminaba con amigos por la zona mencionada y un hombre, que no fue identificado a\u00fan, los amenaz\u00f3 con un arma de fuego. Tras esta acci\u00f3n, el grupo de amigos comenz\u00f3 a correr y el agresor dispar\u00f3 mientras hu\u00edan.<\/strong><\/p>\n\n\n\n<p>All\u00ed,<strong> una de las balas impact\u00f3 en la espalda del joven quedando herido en el lugar.<\/strong><\/p>\n\n\n\n<p>R\u00e1pidamente, <strong>fue trasladado al Hospital Municipal donde, tras el r\u00e1pido accionar del personal de Salud, pudieron operarlo y quitarle la bala alojada en la espalda. <\/strong>Actualmente, est\u00e1 fuera de peligro seg\u00fan logr\u00f3 saber Central de Noticias.<\/p>\n\n\n\n<p>En paralelo, se inici\u00f3 una causa caratulada como <em><strong>\u201cTentativa de robo agravado por el uso de arma\u201d <\/strong><\/em>con intervenci\u00f3n de la UFI N\u00b04 a cargo de la doctora Mar\u00eda Paula Serrano.<\/p>\n","protected":false},"excerpt":{"rendered":"<p>El joven se encuentra internado en el Hospital Municipal y est\u00e1 fuera de peligro tras el accionar del personal de<\/p>\n","protected":false},"author":2,"featured_media":165392,"comment_status":"closed","ping_status":"closed","sticky":false,"template":"","format":"standard","meta":{"_jetpack_memberships_contains_paid_content":false,"footnotes":""},"categories":[14,1],"tags":[],"class_list":["post-167830","post","type-post","status-publish","format-standard","has-post-thumbnail","hentry","category-policiales","category-portada"],"jetpack_featured_media_url":"https:\/\/i0.wp.com\/cdnoticias.com\/wp-content\/uploads\/2025\/02\/hospital-guardia-ambulancia-02.jpg?fit=1000%2C557&ssl=1","jetpack_sharing_enabled":true,"_links":{"self":[{"href":"https:\/\/cdnoticias.com\/index.php\/wp-json\/wp\/v2\/posts\/167830","targetHints":{"allow":["GET"]}}],"collection":[{"href":"https:\/\/cdnoticias.com\/index.php\/wp-json\/wp\/v2\/posts"}],"about":[{"href":"https:\/\/cdnoticias.com\/index.php\/wp-json\/wp\/v2\/types\/post"}],"author":[{"embeddable":true,"href":"https:\/\/cdnoticias.com\/index.php\/wp-json\/wp\/v2\/users\/2"}],"replies":[{"embeddable":true,"href":"https:\/\/cdnoticias.com\/index.php\/wp-json\/wp\/v2\/comments?post=167830"}],"version-history":[{"count":0,"href":"https:\/\/cdnoticias.com\/index.php\/wp-json\/wp\/v2\/posts\/167830\/revisions"}],"wp:featuredmedia":[{"embeddable":true,"href":"https:\/\/cdnoticias.com\/index.php\/wp-json\/wp\/v2\/media\/165392"}],"wp:attachment":[{"href":"https:\/\/cdnoticias.com\/index.php\/wp-json\/wp\/v2\/media?parent=167830"}],"wp:term":[{"taxonomy":"category","embeddable":true,"href":"https:\/\/cdnoticias.com\/index.php\/wp-json\/wp\/v2\/categories?post=167830"},{"taxonomy":"post_tag","embeddable":true,"href":"https:\/\/cdnoticias.com\/index.php\/wp-json\/wp\/v2\/tags?post=167830"}],"curies":[{"name":"wp","href":"https:\/\/api.w.org\/{rel}","templated":true}]}}