{"id":167795,"date":"2025-03-30T10:30:41","date_gmt":"2025-03-30T13:30:41","guid":{"rendered":"https:\/\/cdnoticias.com\/?p=167795"},"modified":"2025-03-30T10:30:43","modified_gmt":"2025-03-30T13:30:43","slug":"un-sector-de-la-facultad-de-sociales-repudio-la-destruccion-del-monumento-a-bayer","status":"publish","type":"post","link":"https:\/\/cdnoticias.com\/index.php\/2025\/03\/30\/un-sector-de-la-facultad-de-sociales-repudio-la-destruccion-del-monumento-a-bayer\/","title":{"rendered":"Un sector de la Facultad de Sociales repudi\u00f3 la destrucci\u00f3n del monumento a Bayer"},"content":{"rendered":"\n<p>El Departamento de Comunicaci\u00f3n Social y Periodismo emiti\u00f3 un comunicado y record\u00f3 la trayectoria del historiador, cineasta y periodista.<\/p>\n\n\n\n<hr class=\"wp-block-separator has-alpha-channel-opacity\"\/>\n\n\n\n<p>El <strong>Departamento de Comunicaci\u00f3n Social y Periodismo de la FACSO-UNICEN <\/strong>repudi\u00f3 la decisi\u00f3n del gobierno nacional de<strong> remover y destruir el monumento al historiador, cineasta y periodista Osvaldo Bayer.<\/strong><\/p>\n\n\n\n<p><\/p>\n\n\n\n<p>El hecho ocurri\u00f3 el 25 de marzo en la localidad de R\u00edo Gallegos, provincia de Santa Cruz.<\/p>\n\n\n\n<p><\/p>\n\n\n\n<p>A trav\u00e9s de un comunicado que lleva la firma del director del Departamento, Maximiliano Peret, se\u00f1alaron que \u201cOsvaldo Bayer dedic\u00f3 su vida a <strong>denunciar las injusticias y violaciones a los derechos humanos. <\/strong>Su obra m\u00e1s emblem\u00e1tica, La Patagonia Rebelde, constituye un testimonio fundamental sobre la lucha de los trabajadores en nuestro pa\u00eds\u201d.<\/p>\n\n\n\n<p><\/p>\n\n\n\n<blockquote class=\"wp-block-quote is-layout-flow wp-block-quote-is-layout-flow\">\n<p>\u201cLa destrucci\u00f3n de este monumento no solo atenta contra su figura, sino que tambi\u00e9n busca silenciar su voz y la construcci\u00f3n de una memoria colectiva\u201d.<\/p>\n<\/blockquote>\n\n\n\n<p><\/p>\n\n\n\n<p>Por otra parte, recordaron que \u201cOsvaldo Bayer <strong>mantiene una trayectoria vinculada a nuestra Universidad y a nuestra Facultad. E<\/strong>n reconocimiento a su trayectoria, el 24 de marzo de 2003, la UNICEN le otorg\u00f3 el t\u00edtulo de Doctor Honoris Causa, a propuesta del Centro de Graduados de nuestra casa de estudios, en Olavarr\u00eda\u201d.<\/p>\n\n\n\n<p><\/p>\n\n\n\n<p>\u201cRepudiamos este acto de violencia ocurrido el 25 de marzo, as\u00ed como los continuos intentos del Gobierno Nacional por atentar contra las pol\u00edticas de Memoria, Verdad y Justicia. <strong>Ante la violencia y la impunidad, renovamos nuestro firme compromiso en la defensa de los Derechos Humanos<\/strong>\u201d, concluyeron.<\/p>\n","protected":false},"excerpt":{"rendered":"<p>El Departamento de Comunicaci\u00f3n Social y Periodismo emiti\u00f3 un comunicado y record\u00f3 la trayectoria del historiador, cineasta y periodista. El<\/p>\n","protected":false},"author":5,"featured_media":167796,"comment_status":"closed","ping_status":"closed","sticky":false,"template":"","format":"standard","meta":{"_jetpack_memberships_contains_paid_content":false,"footnotes":""},"categories":[5,1],"tags":[],"class_list":["post-167795","post","type-post","status-publish","format-standard","has-post-thumbnail","hentry","category-informacion-general","category-portada"],"jetpack_featured_media_url":"https:\/\/i0.wp.com\/cdnoticias.com\/wp-content\/uploads\/2025\/03\/Diseno-sin-titulo.png?fit=800%2C445&ssl=1","jetpack_sharing_enabled":true,"_links":{"self":[{"href":"https:\/\/cdnoticias.com\/index.php\/wp-json\/wp\/v2\/posts\/167795","targetHints":{"allow":["GET"]}}],"collection":[{"href":"https:\/\/cdnoticias.com\/index.php\/wp-json\/wp\/v2\/posts"}],"about":[{"href":"https:\/\/cdnoticias.com\/index.php\/wp-json\/wp\/v2\/types\/post"}],"author":[{"embeddable":true,"href":"https:\/\/cdnoticias.com\/index.php\/wp-json\/wp\/v2\/users\/5"}],"replies":[{"embeddable":true,"href":"https:\/\/cdnoticias.com\/index.php\/wp-json\/wp\/v2\/comments?post=167795"}],"version-history":[{"count":0,"href":"https:\/\/cdnoticias.com\/index.php\/wp-json\/wp\/v2\/posts\/167795\/revisions"}],"wp:featuredmedia":[{"embeddable":true,"href":"https:\/\/cdnoticias.com\/index.php\/wp-json\/wp\/v2\/media\/167796"}],"wp:attachment":[{"href":"https:\/\/cdnoticias.com\/index.php\/wp-json\/wp\/v2\/media?parent=167795"}],"wp:term":[{"taxonomy":"category","embeddable":true,"href":"https:\/\/cdnoticias.com\/index.php\/wp-json\/wp\/v2\/categories?post=167795"},{"taxonomy":"post_tag","embeddable":true,"href":"https:\/\/cdnoticias.com\/index.php\/wp-json\/wp\/v2\/tags?post=167795"}],"curies":[{"name":"wp","href":"https:\/\/api.w.org\/{rel}","templated":true}]}}