{"id":167772,"date":"2025-03-29T12:16:16","date_gmt":"2025-03-29T15:16:16","guid":{"rendered":"https:\/\/cdnoticias.com\/?p=167772"},"modified":"2025-03-29T12:16:18","modified_gmt":"2025-03-29T15:16:18","slug":"reuniones-para-regularizar-la-personeria-juridica-del-hogar-san-jose","status":"publish","type":"post","link":"https:\/\/cdnoticias.com\/index.php\/2025\/03\/29\/reuniones-para-regularizar-la-personeria-juridica-del-hogar-san-jose\/","title":{"rendered":"Reuniones para regularizar la personer\u00eda jur\u00eddica del Hogar \u201cSan Jos\u00e9\u201d"},"content":{"rendered":"\n<p>Hubo un encuentro entre integrantes del Ministerio de Desarrollo de la Comunidad con la subsecretaria local, Malena Pianciola, y funcionarios locales. Esto \u201cimpide acceder al convenio de financiamiento de becas provinciales\u201d.<\/p>\n\n\n\n<hr class=\"wp-block-separator aligncenter has-alpha-channel-opacity\"\/>\n\n\n\n<p>En la jornada de este viernes,<strong> integrantes el Ministerio de Desarrollo de la Comunidad se reunieron con la Subsecretaria Malena Pianciola y funcionarios locales y tuvieron una reuni\u00f3n de trabajo.<\/strong> Asimismo, recorrieron distintas instituciones y hogares, entre ellas<strong> el Hogar \u201cSan Jos\u00e9\u201d para abordar una mesa de articulaci\u00f3n ante la falta de regularizaci\u00f3n de su personer\u00eda jur\u00eddica.<\/strong><\/p>\n\n\n\n<p>En ese sentido, Malena Pianciola destac\u00f3 que \u201c<em>estamos trabajando en conjunto como la hacemos habitualmente y evaluando situaciones particulares de instituciones locales que en el contexto actual ven agravadas sus situaciones econ\u00f3micas\u201d.<\/em><\/p>\n\n\n\n<p>Al mismo tiempo, desde la Subsecretar\u00eda de Protecci\u00f3n Integral de Derechos mantuvieron una reuni\u00f3n puntual con las titulares del Hogar de Ni\u00f1as \u201cSan Jos\u00e9\u201d, quienes <strong>trasladaron su preocupaci\u00f3n ante la falta de regularizaci\u00f3n de la personer\u00eda jur\u00eddica de la instituci\u00f3n lo que les impide acceder al convenio de financiamiento de las becas provinciales.<\/strong><\/p>\n\n\n\n<p>Desde el Municipio y el Organismo Provincial de Ni\u00f1ez y Adolescencia est\u00e1n trabajando de manera conjunta en diferentes alternativas para buscar una soluci\u00f3n a la situaci\u00f3n que atraviesa el Hogar San Jos\u00e9.<\/p>\n","protected":false},"excerpt":{"rendered":"<p>Hubo un encuentro entre integrantes del Ministerio de Desarrollo de la Comunidad con la subsecretaria local, Malena Pianciola, y funcionarios<\/p>\n","protected":false},"author":2,"featured_media":24892,"comment_status":"closed","ping_status":"closed","sticky":false,"template":"","format":"standard","meta":{"_jetpack_memberships_contains_paid_content":false,"footnotes":""},"categories":[5,1],"tags":[],"class_list":["post-167772","post","type-post","status-publish","format-standard","has-post-thumbnail","hentry","category-informacion-general","category-portada"],"jetpack_featured_media_url":"https:\/\/i0.wp.com\/cdnoticias.com\/wp-content\/uploads\/2021\/06\/17951610_103683533523994_9124957351283056846_n.jpg?fit=960%2C960&ssl=1","jetpack_sharing_enabled":true,"_links":{"self":[{"href":"https:\/\/cdnoticias.com\/index.php\/wp-json\/wp\/v2\/posts\/167772","targetHints":{"allow":["GET"]}}],"collection":[{"href":"https:\/\/cdnoticias.com\/index.php\/wp-json\/wp\/v2\/posts"}],"about":[{"href":"https:\/\/cdnoticias.com\/index.php\/wp-json\/wp\/v2\/types\/post"}],"author":[{"embeddable":true,"href":"https:\/\/cdnoticias.com\/index.php\/wp-json\/wp\/v2\/users\/2"}],"replies":[{"embeddable":true,"href":"https:\/\/cdnoticias.com\/index.php\/wp-json\/wp\/v2\/comments?post=167772"}],"version-history":[{"count":0,"href":"https:\/\/cdnoticias.com\/index.php\/wp-json\/wp\/v2\/posts\/167772\/revisions"}],"wp:featuredmedia":[{"embeddable":true,"href":"https:\/\/cdnoticias.com\/index.php\/wp-json\/wp\/v2\/media\/24892"}],"wp:attachment":[{"href":"https:\/\/cdnoticias.com\/index.php\/wp-json\/wp\/v2\/media?parent=167772"}],"wp:term":[{"taxonomy":"category","embeddable":true,"href":"https:\/\/cdnoticias.com\/index.php\/wp-json\/wp\/v2\/categories?post=167772"},{"taxonomy":"post_tag","embeddable":true,"href":"https:\/\/cdnoticias.com\/index.php\/wp-json\/wp\/v2\/tags?post=167772"}],"curies":[{"name":"wp","href":"https:\/\/api.w.org\/{rel}","templated":true}]}}