{"id":167770,"date":"2025-03-29T11:58:35","date_gmt":"2025-03-29T14:58:35","guid":{"rendered":"https:\/\/cdnoticias.com\/?p=167770"},"modified":"2025-03-29T11:58:37","modified_gmt":"2025-03-29T14:58:37","slug":"se-aprobo-la-ley-que-actualiza-el-registro-de-deudores-alimentarios-morosos-de-la-provincia","status":"publish","type":"post","link":"https:\/\/cdnoticias.com\/index.php\/2025\/03\/29\/se-aprobo-la-ley-que-actualiza-el-registro-de-deudores-alimentarios-morosos-de-la-provincia\/","title":{"rendered":"Se aprob\u00f3 la Ley que actualiza el Registro de Deudores Alimentarios Morosos de la Provincia"},"content":{"rendered":"\n<p>Se dotar\u00e1 a la normativa de \u201cmayor eficacia\u201d. Se podr\u00e1n inscribir a los deudores desde el primer incumplimiento y alcanzar\u00e1 a empleadores y acreedores.&nbsp;<\/p>\n\n\n\n<hr class=\"wp-block-separator aligncenter has-alpha-channel-opacity\"\/>\n\n\n\n<p>La Honorable C\u00e1mara de Diputados bonaerense<strong> aprob\u00f3 el proyecto que actualiza la ley de Registro de Deudores Alimentarios Morosos (RDAM) provincial para dotarla de mayor eficacia<\/strong>. La nueva legislaci\u00f3n<strong> permitir\u00e1 inscribir al deudor desde el primer incumplimiento del pago de la cuota alimentaria y tambi\u00e9n alcanzar\u00e1 a empleadores y acreedores.<\/strong><\/p>\n\n\n\n<p>Esta iniciativa permite<strong> agilizar el proceso para el reclamo y cobro correspondiente de la cuota alimentaria de ni\u00f1as, ni\u00f1os y adolescentes<\/strong>. Adem\u00e1s, es fundamental<em> \u201cpara fortalecer la autonom\u00eda de las mujeres y equiparar las condiciones de desigualdad de poder que actualmente presentan los procesos de pago de alimentos\u201d.<\/em><\/p>\n\n\n\n<p>La ministra Estela D\u00edaz celebr\u00f3 la sanci\u00f3n y expres\u00f3: \u201c<em><strong>Hay una \u00e9tica del cuidado que es fundamental y hay que cumplirla porque nuestras pibas y pibes lo necesitan. Este gran cambio legislativo favorece la autonom\u00eda econ\u00f3mica de las mam\u00e1s que cuidan y, sobre todo, a nuestras ni\u00f1as y ni\u00f1os\u201d.\u00a0<\/strong><\/em><\/p>\n\n\n\n<p>El RDAM fue creado por la Ley provincial N\u00ba 13.074 y tiene como objetivo registrar a todas las personas obligadas al pago de alimentos por sentencia firme o convenio homologado que adeuden un determinado n\u00famero de cuotas y establece las consecuencias derivadas de tal incumplimiento.<\/p>\n\n\n\n<blockquote class=\"wp-block-quote is-layout-flow wp-block-quote-is-layout-flow\">\n<p>La nueva legislaci\u00f3n permitir\u00e1 inscribir al deudor desde el primer incumplimiento, se trate de los alimentos definitivos o provisorios. Actualmente, solo pueden inscribirse a deudores desde el tercer incumplimiento consecutivo o quinto alternado y no se incluyen los alimentos provisorios.<\/p>\n<\/blockquote>\n\n\n\n<p>Otra de las innovaciones incorporadas es que <strong>no s\u00f3lo se podr\u00e1 inscribir en el RDAM a los progenitores, sino que tambi\u00e9n ser\u00e1n alcanzados los empleadores o acreedores que hayan sido intimados previamente por orden judicial y sean responsables solidarios del pago como lo dispone el C\u00f3digo Civil y Comercial de la Naci\u00f3n.<\/strong><\/p>\n\n\n\n<p>Adem\u00e1s, se modifican algunas sanciones como la <strong>suspensi\u00f3n de tr\u00e1mites de habilitaci\u00f3n de comercios y\/o industrias contemplando que si el deudor alimentario no tuviese otra fuente de ingresos se le otorgar\u00e1 provisoriamente el permiso bajo la obligaci\u00f3n de regularizar la situaci\u00f3n<\/strong>. En este punto, se a\u00f1ade el impedimento de inscribirse en el Registro Central de Aspirantes a Guarda con Fines Adoptivos.<\/p>\n\n\n\n<p>Por \u00faltimo, se incorpora como requisito <strong>presentar el certificado de libre deuda expedido por el RDAM para las designaciones de magistrados, funcionarios o empleados bajo cualquier modalidad y categor\u00eda en cualquiera de los poderes del Estado provincial y municipal, organismos descentralizados, como as\u00ed tambi\u00e9n en las empresas y sociedades estatales y con participaci\u00f3n del Estado provincial as\u00ed como tambi\u00e9n para la diplomaci\u00f3n de los candidatos electos para cualquier cargo provincial o municipal.<\/strong><\/p>\n\n\n\n<p>Este proyecto contin\u00faa la iniciativa presentada en el Poder Legislativo provincial y que<strong> fuera sancionada en diciembre de 2024: la ley que simplifica los procesos judiciales para el reclamo de alimentos.<\/strong><\/p>\n\n\n\n<p>Ambas iniciativas fueron redactadas en el marco de la Mesa de Trabajo sobre Obligaci\u00f3n Alimentaria, creada tras la presentaci\u00f3n del informe \u201c<em>Incumplimiento de la obligaci\u00f3n alimentaria en la provincia de Buenos Aires: Un problema estructural que profundiza las desigualdades de g\u00e9nero\u201d<\/em> del a\u00f1o 2022, tomando tambi\u00e9n iniciativas de la senadora Sofia Vannelli y la diputada Luc\u00eda I\u00e1\u00f1ez.<\/p>\n\n\n\n<p>El Informe sobre Incumplimiento de la Obligaci\u00f3n Alimentaria fue presentado por el Ministerio de Mujeres y Diversidad de la provincia de Buenos Aires y da cuenta de las desigualdades de g\u00e9nero en las crianzas de las infancias en hogares monomarentales: <strong>7 de cada 10 mujeres no reciben aportes del progenitor de sus hijas e hijos.<\/strong><\/p>\n\n\n\n<p>Ambas leyes representan <strong>un avance para una distribuci\u00f3n m\u00e1s equitativa de los cuidados, el desarrollo de las infancias y el acceso a sus derechos.<\/strong><\/p>\n\n\n\n<p><\/p>\n","protected":false},"excerpt":{"rendered":"<p>Se dotar\u00e1 a la normativa de \u201cmayor eficacia\u201d. Se podr\u00e1n inscribir a los deudores desde el primer incumplimiento y alcanzar\u00e1<\/p>\n","protected":false},"author":2,"featured_media":165741,"comment_status":"closed","ping_status":"closed","sticky":false,"template":"","format":"standard","meta":{"_jetpack_memberships_contains_paid_content":false,"footnotes":""},"categories":[3,1],"tags":[],"class_list":["post-167770","post","type-post","status-publish","format-standard","has-post-thumbnail","hentry","category-genero","category-portada"],"jetpack_featured_media_url":"https:\/\/i0.wp.com\/cdnoticias.com\/wp-content\/uploads\/2025\/03\/legislatura-apertura-de-sesiones-kicillof-7.jpg?fit=1000%2C667&ssl=1","jetpack_sharing_enabled":true,"_links":{"self":[{"href":"https:\/\/cdnoticias.com\/index.php\/wp-json\/wp\/v2\/posts\/167770","targetHints":{"allow":["GET"]}}],"collection":[{"href":"https:\/\/cdnoticias.com\/index.php\/wp-json\/wp\/v2\/posts"}],"about":[{"href":"https:\/\/cdnoticias.com\/index.php\/wp-json\/wp\/v2\/types\/post"}],"author":[{"embeddable":true,"href":"https:\/\/cdnoticias.com\/index.php\/wp-json\/wp\/v2\/users\/2"}],"replies":[{"embeddable":true,"href":"https:\/\/cdnoticias.com\/index.php\/wp-json\/wp\/v2\/comments?post=167770"}],"version-history":[{"count":0,"href":"https:\/\/cdnoticias.com\/index.php\/wp-json\/wp\/v2\/posts\/167770\/revisions"}],"wp:featuredmedia":[{"embeddable":true,"href":"https:\/\/cdnoticias.com\/index.php\/wp-json\/wp\/v2\/media\/165741"}],"wp:attachment":[{"href":"https:\/\/cdnoticias.com\/index.php\/wp-json\/wp\/v2\/media?parent=167770"}],"wp:term":[{"taxonomy":"category","embeddable":true,"href":"https:\/\/cdnoticias.com\/index.php\/wp-json\/wp\/v2\/categories?post=167770"},{"taxonomy":"post_tag","embeddable":true,"href":"https:\/\/cdnoticias.com\/index.php\/wp-json\/wp\/v2\/tags?post=167770"}],"curies":[{"name":"wp","href":"https:\/\/api.w.org\/{rel}","templated":true}]}}