{"id":167748,"date":"2025-03-28T19:51:09","date_gmt":"2025-03-28T22:51:09","guid":{"rendered":"https:\/\/cdnoticias.com\/?p=167748"},"modified":"2025-03-29T10:43:35","modified_gmt":"2025-03-29T13:43:35","slug":"comienza-el-torneo-de-primera-division-de-la-abo","status":"publish","type":"post","link":"https:\/\/cdnoticias.com\/index.php\/2025\/03\/28\/comienza-el-torneo-de-primera-division-de-la-abo\/","title":{"rendered":"Comienza el torneo de Primera Divisi\u00f3n de la ABO"},"content":{"rendered":"\n<p>Ser\u00e1 este viernes entre Estudiante y Racing Blanco: la particularidad es que habr\u00e1 dos equipos presentados por el Chaira. El cronograma completo.<\/p>\n\n\n\n<hr class=\"wp-block-separator aligncenter has-alpha-channel-opacity\"\/>\n\n\n\n<p>Tras varios reveses e idas y vueltas,<strong> esta noche se pondr\u00e1 en marcha el torneo oficial de Primera Divisi\u00f3n organizado por la Asociaci\u00f3n de B\u00e1squet Olavarriense, tras superar un conflicto que hab\u00eda puesto en duda su inicio<\/strong>. La disputa entre los clubes y la Federaci\u00f3n de B\u00e1squet de la Provincia de Buenos Aires por el sistema GES gener\u00f3 incertidumbre en la previa, pero tras varias reuniones se logr\u00f3 llegar a un acuerdo.<\/p>\n\n\n\n<p>Primero comenzaron las competencias de formativas y <strong>ahora llega el turno de la Primera Divisi\u00f3n.<\/strong><\/p>\n\n\n\n<p>Un dato llamativo de esta edici\u00f3n del certamen es la participaci\u00f3n de <strong>dos equipos representando a Racing de Olavarr\u00eda, denominados Racing Blanco y Racing Azul. Lo curioso es que ambos ser\u00e1n dirigidos por el mismo entrenador, Axel Far\u00edas.<\/strong><\/p>\n\n\n\n<p>El partido destacado de la jornada inaugural ser\u00e1<strong> el cl\u00e1sico entre Estudiantes y Racing Blanco, programado para las 21:30 en el Maxigimnasio del Parque Guerrero.<\/strong><\/p>\n\n\n\n<p>En simult\u00e1neo, <strong>San Mart\u00edn de Sierras Bayas debutar\u00e1 como local ante Sport Club Trinitarios de Bol\u00edvar<\/strong> en un partido que comenzar\u00e1 a las 21:15. Mientras tanto, en <strong>General La Madrid, Racing recibir\u00e1 en el &#8220;Willy Matos&#8221; a Chacarita de Azul,<\/strong> tambi\u00e9n desde las 21:15.<\/p>\n\n\n\n<p>La primera fecha del certamen se completar\u00e1 el lunes en Tandil, cuando<strong> Independiente haga su presentaci\u00f3n en el &#8220;Duggan Martignoni&#8221; ante Pueblo Nuevo<\/strong>, en un cotejo que dar\u00e1 inicio a las 21:15.<\/p>\n","protected":false},"excerpt":{"rendered":"<p>Ser\u00e1 este viernes entre Estudiante y Racing Blanco: la particularidad es que habr\u00e1 dos equipos presentados por el Chaira. El<\/p>\n","protected":false},"author":2,"featured_media":163550,"comment_status":"closed","ping_status":"closed","sticky":false,"template":"","format":"standard","meta":{"_jetpack_memberships_contains_paid_content":false,"footnotes":""},"categories":[31,29],"tags":[],"class_list":["post-167748","post","type-post","status-publish","format-standard","has-post-thumbnail","hentry","category-basquet","category-deportes"],"jetpack_featured_media_url":"https:\/\/i0.wp.com\/cdnoticias.com\/wp-content\/uploads\/2024\/11\/cae-lm-abo-2.jpg?fit=1280%2C853&ssl=1","jetpack_sharing_enabled":true,"_links":{"self":[{"href":"https:\/\/cdnoticias.com\/index.php\/wp-json\/wp\/v2\/posts\/167748","targetHints":{"allow":["GET"]}}],"collection":[{"href":"https:\/\/cdnoticias.com\/index.php\/wp-json\/wp\/v2\/posts"}],"about":[{"href":"https:\/\/cdnoticias.com\/index.php\/wp-json\/wp\/v2\/types\/post"}],"author":[{"embeddable":true,"href":"https:\/\/cdnoticias.com\/index.php\/wp-json\/wp\/v2\/users\/2"}],"replies":[{"embeddable":true,"href":"https:\/\/cdnoticias.com\/index.php\/wp-json\/wp\/v2\/comments?post=167748"}],"version-history":[{"count":0,"href":"https:\/\/cdnoticias.com\/index.php\/wp-json\/wp\/v2\/posts\/167748\/revisions"}],"wp:featuredmedia":[{"embeddable":true,"href":"https:\/\/cdnoticias.com\/index.php\/wp-json\/wp\/v2\/media\/163550"}],"wp:attachment":[{"href":"https:\/\/cdnoticias.com\/index.php\/wp-json\/wp\/v2\/media?parent=167748"}],"wp:term":[{"taxonomy":"category","embeddable":true,"href":"https:\/\/cdnoticias.com\/index.php\/wp-json\/wp\/v2\/categories?post=167748"},{"taxonomy":"post_tag","embeddable":true,"href":"https:\/\/cdnoticias.com\/index.php\/wp-json\/wp\/v2\/tags?post=167748"}],"curies":[{"name":"wp","href":"https:\/\/api.w.org\/{rel}","templated":true}]}}