{"id":167716,"date":"2025-03-28T20:11:56","date_gmt":"2025-03-28T23:11:56","guid":{"rendered":"https:\/\/cdnoticias.com\/?p=167716"},"modified":"2025-03-29T10:55:59","modified_gmt":"2025-03-29T13:55:59","slug":"este-sabado-comenzara-una-campana-de-vacunacion-casa-por-casa","status":"publish","type":"post","link":"https:\/\/cdnoticias.com\/index.php\/2025\/03\/28\/este-sabado-comenzara-una-campana-de-vacunacion-casa-por-casa\/","title":{"rendered":"Este s\u00e1bado comenzar\u00e1 una campa\u00f1a de vacunaci\u00f3n casa por casa\u00a0"},"content":{"rendered":"\n<p>El objetivo es contribuir al cumplimiento de la vacunaci\u00f3n del Calendario Nacional, gratuita y obligatoria.<\/p>\n\n\n\n<hr class=\"wp-block-separator aligncenter has-alpha-channel-opacity\"\/>\n\n\n\n<p>En el marco de la implementaci\u00f3n de <strong>estrategias sanitarias de prevenci\u00f3n y control de enfermedades prevenibles<\/strong>, el Municipio a trav\u00e9s de la Subsecretar\u00eda de Atenci\u00f3n Primaria, la Direcci\u00f3n de Epidemiolog\u00eda e Inmunizaciones y Banco de Leche con los distintos CAPS; llevar\u00e1n adelante una <strong>campa\u00f1a de vacunaci\u00f3n casa por casa.<\/strong><\/p>\n\n\n\n<p><\/p>\n\n\n\n<p>El objetivo es contribuir al <strong>cumplimiento de la vacunaci\u00f3n del Calendario Nacional, gratuita y obligatoria;<\/strong> en los diferentes puntos de Olavarr\u00eda; garantizando el acceso a toda persona que lo requiera, <strong>sin necesidad de trasladarse al vacunatorio o centro de salud; <\/strong>en caso de que se le dificulte por diversas razones.<\/p>\n\n\n\n<p><\/p>\n\n\n\n<blockquote class=\"wp-block-quote is-layout-flow wp-block-quote-is-layout-flow\">\n<p>Los profesionales de la salud encargados de tales tareas, recorrer\u00e1n la ciudad en cuadrillas a los fines de implementar esta campa\u00f1a este s\u00e1bado 29 en el horario de 10:00 a 14:00 horas. En caso de lluvia la actividad ser\u00e1 reprogramada.<\/p>\n<\/blockquote>\n\n\n\n<p><\/p>\n\n\n\n<p>A continuaci\u00f3n se detalla el \u00e1rea program\u00e1tica que comprende esta campa\u00f1a.<\/p>\n\n\n\n<ul class=\"wp-block-list\">\n<li>CAPS N\u00b0 3: \u201cAmoroso\u201d \u00c1lvaro Barros y Dean Funes.<\/li>\n<\/ul>\n\n\n\n<ul class=\"wp-block-list\">\n<li>CAPS N\u00b0 23 \u201cBel\u00e9n\u201d Emiliozzi 5830.<\/li>\n<\/ul>\n\n\n\n<ul class=\"wp-block-list\">\n<li>CAPS N\u00b0 25 \u201cAcupo\u201d 101 Bis 3501.<\/li>\n<\/ul>\n\n\n\n<ul class=\"wp-block-list\">\n<li>CAPS N\u00b0 16 \u201cV. Magdalena\u201d C\u00f3rdoba 3082.<\/li>\n<\/ul>\n\n\n\n<ul class=\"wp-block-list\">\n<li>CAPS N\u00b0 27 CIC 113 bis 601.<\/li>\n<\/ul>\n\n\n\n<ul class=\"wp-block-list\">\n<li>CAPS N\u00b0 7 \u201cIndependencia\u201d Pueyrred\u00f3n y Ayacucho.<\/li>\n<\/ul>\n\n\n\n<ul class=\"wp-block-list\">\n<li>CAPS N\u00b0 2 \u201cSarmiento\u201d Roque S\u00e1enz Pe\u00f1a 1450.<\/li>\n<\/ul>\n\n\n\n<ul class=\"wp-block-list\">\n<li>CAPS N\u00b0 6 \u201c12 de Octubre\u201d Hip\u00f3lito Yrigoyen 660 456553.<\/li>\n<\/ul>\n\n\n\n<p><\/p>\n\n\n\n<p>El <strong>personal se presentar\u00e1 con la debida identificaci\u00f3n. <\/strong>Se solicita la colaboraci\u00f3n de la comunidad. Por otro lado, cabe recordar que comenz\u00f3 la campa\u00f1a de vacunaci\u00f3n antigripal 2025, en el marco de la cual <a href=\"https:\/\/cdnoticias.com\/index.php\/2025\/03\/27\/vacunacion-antigripal-el-municipio-informo-que-hay-dosis-para-personas-mayores-de-65-anos\/\" target=\"_blank\" rel=\"noreferrer noopener\">se encuentran disponibles las dosis correspondientes a personas mayores de 65 a\u00f1os.\u00a0<\/a><\/p>\n\n\n\n<p><\/p>\n\n\n\n<p>Como todos los a\u00f1os, las dosis se reciben por tandas. Progresivamente, en funci\u00f3n de la disponibilidad de vacunas y la din\u00e1mica habitual de la inmunizaci\u00f3n antigripal, se contempla llegar a la totalidad de la poblaci\u00f3n objetivo.<\/p>\n\n\n\n<p><\/p>\n","protected":false},"excerpt":{"rendered":"<p>El objetivo es contribuir al cumplimiento de la vacunaci\u00f3n del Calendario Nacional, gratuita y obligatoria. En el marco de la<\/p>\n","protected":false},"author":6,"featured_media":63327,"comment_status":"closed","ping_status":"closed","sticky":false,"template":"","format":"standard","meta":{"_jetpack_memberships_contains_paid_content":false,"footnotes":""},"categories":[5,1],"tags":[],"class_list":["post-167716","post","type-post","status-publish","format-standard","has-post-thumbnail","hentry","category-informacion-general","category-portada"],"jetpack_featured_media_url":"https:\/\/i0.wp.com\/cdnoticias.com\/wp-content\/uploads\/2022\/08\/DIB-vacunacion-ninos.jpg?fit=1024%2C682&ssl=1","jetpack_sharing_enabled":true,"_links":{"self":[{"href":"https:\/\/cdnoticias.com\/index.php\/wp-json\/wp\/v2\/posts\/167716","targetHints":{"allow":["GET"]}}],"collection":[{"href":"https:\/\/cdnoticias.com\/index.php\/wp-json\/wp\/v2\/posts"}],"about":[{"href":"https:\/\/cdnoticias.com\/index.php\/wp-json\/wp\/v2\/types\/post"}],"author":[{"embeddable":true,"href":"https:\/\/cdnoticias.com\/index.php\/wp-json\/wp\/v2\/users\/6"}],"replies":[{"embeddable":true,"href":"https:\/\/cdnoticias.com\/index.php\/wp-json\/wp\/v2\/comments?post=167716"}],"version-history":[{"count":0,"href":"https:\/\/cdnoticias.com\/index.php\/wp-json\/wp\/v2\/posts\/167716\/revisions"}],"wp:featuredmedia":[{"embeddable":true,"href":"https:\/\/cdnoticias.com\/index.php\/wp-json\/wp\/v2\/media\/63327"}],"wp:attachment":[{"href":"https:\/\/cdnoticias.com\/index.php\/wp-json\/wp\/v2\/media?parent=167716"}],"wp:term":[{"taxonomy":"category","embeddable":true,"href":"https:\/\/cdnoticias.com\/index.php\/wp-json\/wp\/v2\/categories?post=167716"},{"taxonomy":"post_tag","embeddable":true,"href":"https:\/\/cdnoticias.com\/index.php\/wp-json\/wp\/v2\/tags?post=167716"}],"curies":[{"name":"wp","href":"https:\/\/api.w.org\/{rel}","templated":true}]}}