{"id":167697,"date":"2025-03-28T16:31:22","date_gmt":"2025-03-28T19:31:22","guid":{"rendered":"https:\/\/cdnoticias.com\/?p=167697"},"modified":"2025-03-28T16:31:24","modified_gmt":"2025-03-28T19:31:24","slug":"actividades-artisticas-y-saludables-en-el-centro-cultural-san-jose","status":"publish","type":"post","link":"https:\/\/cdnoticias.com\/index.php\/2025\/03\/28\/actividades-artisticas-y-saludables-en-el-centro-cultural-san-jose\/","title":{"rendered":"Actividades art\u00edsticas y saludables en el Centro Cultural San Jos\u00e9"},"content":{"rendered":"\n<p>Habr\u00e1 yoga en familia y taller de dibujo infantil. Entrada libre y gratuita.&nbsp;<\/p>\n\n\n\n<hr class=\"wp-block-separator aligncenter has-alpha-channel-opacity\"\/>\n\n\n\n<p>Los d\u00edas<strong> s\u00e1bados 29 de marzo y 5 de abril y domingos 30 de marzo y 6 de abril <\/strong>en el <strong>Centro Cultural Municipal San Jos\u00e9<\/strong> se llevar\u00e1n a cabo <strong>actividades art\u00edsticas y saludables. <\/strong><\/p>\n\n\n\n<p><\/p>\n\n\n\n<p>La actividad del d\u00eda <strong>s\u00e1bado 29 de marzo ser\u00e1 desde las 15:30 hasta las 17:00 horas,<\/strong> con una<strong> clase de Yoga en familia<\/strong>, a cargo de la <strong>profesora Graciela Ortega.<\/strong> Se solicita llevar mat, colchoneta o lona, y ropa c\u00f3moda.\u00a0<\/p>\n\n\n\n<p><\/p>\n\n\n\n<p>Asimismo, <strong>el s\u00e1bado 5 de abril, de 15:30 a 17:00 horas<\/strong> se realizar\u00e1 una clase de<strong> Yoga para j\u00f3venes y adultos<\/strong>. En este caso tambi\u00e9n se solicita llevar mat, colchoneta o lona, y ropa c\u00f3moda.<\/p>\n\n\n\n<p><\/p>\n\n\n\n<p>Por su parte, los<strong> domingos 30 de marzo y 6 de abril,<\/strong> de <strong>15:30 a 17:00 horas <\/strong>se llevar\u00e1 a cabo el <strong>Taller de dibujo infantil: \u201cDibujando en familia\u201d<\/strong>, a cargo del ilustrador Diego Sequeira.<\/p>\n\n\n\n<p><\/p>\n\n\n\n<p>Las propuestas son <strong>libres, gratuitas y comprenden a todas las edade<\/strong>s. No se suspenden por mal clima.<\/p>\n\n\n\n<p><\/p>\n","protected":false},"excerpt":{"rendered":"<p>Habr\u00e1 yoga en familia y taller de dibujo infantil. Entrada libre y gratuita.&nbsp; Los d\u00edas s\u00e1bados 29 de marzo y<\/p>\n","protected":false},"author":6,"featured_media":133715,"comment_status":"closed","ping_status":"closed","sticky":false,"template":"","format":"standard","meta":{"_jetpack_memberships_contains_paid_content":false,"footnotes":""},"categories":[9,1],"tags":[],"class_list":["post-167697","post","type-post","status-publish","format-standard","has-post-thumbnail","hentry","category-cultura","category-portada"],"jetpack_featured_media_url":"https:\/\/i0.wp.com\/cdnoticias.com\/wp-content\/uploads\/2025\/01\/yoga-aire-libre.jpg?fit=900%2C471&ssl=1","jetpack_sharing_enabled":true,"_links":{"self":[{"href":"https:\/\/cdnoticias.com\/index.php\/wp-json\/wp\/v2\/posts\/167697","targetHints":{"allow":["GET"]}}],"collection":[{"href":"https:\/\/cdnoticias.com\/index.php\/wp-json\/wp\/v2\/posts"}],"about":[{"href":"https:\/\/cdnoticias.com\/index.php\/wp-json\/wp\/v2\/types\/post"}],"author":[{"embeddable":true,"href":"https:\/\/cdnoticias.com\/index.php\/wp-json\/wp\/v2\/users\/6"}],"replies":[{"embeddable":true,"href":"https:\/\/cdnoticias.com\/index.php\/wp-json\/wp\/v2\/comments?post=167697"}],"version-history":[{"count":0,"href":"https:\/\/cdnoticias.com\/index.php\/wp-json\/wp\/v2\/posts\/167697\/revisions"}],"wp:featuredmedia":[{"embeddable":true,"href":"https:\/\/cdnoticias.com\/index.php\/wp-json\/wp\/v2\/media\/133715"}],"wp:attachment":[{"href":"https:\/\/cdnoticias.com\/index.php\/wp-json\/wp\/v2\/media?parent=167697"}],"wp:term":[{"taxonomy":"category","embeddable":true,"href":"https:\/\/cdnoticias.com\/index.php\/wp-json\/wp\/v2\/categories?post=167697"},{"taxonomy":"post_tag","embeddable":true,"href":"https:\/\/cdnoticias.com\/index.php\/wp-json\/wp\/v2\/tags?post=167697"}],"curies":[{"name":"wp","href":"https:\/\/api.w.org\/{rel}","templated":true}]}}